{"id":2339,"date":"2025-08-07T16:10:34","date_gmt":"2025-08-07T14:10:34","guid":{"rendered":"https:\/\/uni-freiburg.de\/alumni\/?p=2339"},"modified":"2025-09-29T11:29:34","modified_gmt":"2025-09-29T09:29:34","slug":"alumni-tag-2025-2","status":"publish","type":"post","link":"https:\/\/uni-freiburg.de\/alumni\/alumni-tag-2025-2\/","title":{"rendered":"Alumni-Tag 2025"},"content":{"rendered":"\n<p><\/p>\n\n\n \n\n<div\n\tdata-role=\"tabs-wrapper\"\n\tdata-tab=\"695f53f6-ebe5-482a-b19b-3d5d3f21b751\"\n\tdata-tab-vertical=\"\"\n\tclass=\"bl-@container\/tab-block\">\n\n\t\n<div\n\tdata-tab=\"695f53f6-ebe5-482a-b19b-3d5d3f21b751\"\n\tdata-tab-part=\"tabs-header\"\n\tclass=\"bl-bg-identity-lightblue bl-text-identity-black dark:bl-bg-identity-lightblue dark:bl-text-identity-black bl-flex bl-h-[60px] bl-px-[15px] bl-items-center bl-justify-between\">\n\t\t\t<div><\/div>\n\t\t<div class=\"bl-hidden @md\/tab-block:bl-block bl-font-medium bl-text-identity-black hover:bl-text-identity-blue-80 active:bl-text-identity-blue disabled:bl-text-[#6a6a6a] disabled:dark:bl-text-[#6a6a6a] dark:bl-text-identity-black dark:hover:bl-text-identity-blue-80 dark:active:bl-text-identity-blue disabled:dark:bl-text-[#6a6a6a] disabled:hover:dark:bl-text-[#6a6a6a] \">\n\t\t<button\n\t\t\tdata-tab=\"695f53f6-ebe5-482a-b19b-3d5d3f21b751\"\n\t\t\tdata-tab-part=\"collapse-tablist-button-screen\"\n\t\t\tclass=\"bl-hidden bl-underline bl-underline-offset-[6px] bl-decoration-[2px] hover:bl-decoration-[3px] hover:bl-underline-offset-[5px]\">\n\t\t\tAlle verbergen\t\t<\/button>\n\t\t<button\n\t\t\tdata-tab=\"695f53f6-ebe5-482a-b19b-3d5d3f21b751\"\n\t\t\tdata-tab-part=\"expand-tablist-button-screen\"\n\t\t\tclass=\"data-[hidebutton='true']:bl-hidden bl-underline bl-underline-offset-[6px] bl-decoration-[2px] hover:bl-decoration-[3px] hover:bl-underline-offset-[5px]\">\n\t\t\tAlle anzeigen\t\t<\/button>\n\t<\/div>\n<\/div>\n\t<div class=\"bl-flex bl-flex-col \">\n\t\t<div class=\"\">\n\t\t\t\n<div class=\"bl-bg-pure-white dark:bl-bg-identity-black bl-flex bl-overflow-visible bl-relative bl-z-30 bl-flex-nowrap bl-flex-row bl-justify-between\">\n\t<ul\n\t\tdata-tab=\"695f53f6-ebe5-482a-b19b-3d5d3f21b751\"\n\t\tdata-tab-part=\"tabs-list\"\n\t\taria-expanded=\"false\"\n\t\tstyle=\"--tabNavFullWidth:100cqw;\"\n\t\tclass=\"bl-@container\/tabnav bl-pb-[1px] bl-z-0 @md\/tab-block:bl-pe-[var(--indicatorMargin)] bl-relative bl-group bl-list-none bl-ps-0\n\t\t\tbl-flex bl-flex-1 bl-flex-col aria-expanded:bl-flex-wrap bl-overflow-x-clip @md\/tab-block:bl-flex-row bl-my-0 bl-font-medium\n\t\t\t\t\t\t@md\/tab-block:bl-overflow-x-scroll @md\/tab-block:bl-scrollbar-hide\">\n\t\t\t\t<li class=\"bl-hidden @md\/tab-block:bl-hidden bl-w-full bl-border-b-2 @md\/tab-block:bl-border-b-transparent bl-border-b-identity-blue-60\">\n\t\t\t<button\n\t\t\t\tdata-tab=\"695f53f6-ebe5-482a-b19b-3d5d3f21b751\"\n\t\t\t\tdata-tab-part=\"collapse-tablist-button-mobile\"\n\t\t\t\tclass=\"bl-underline bl-underline-offset-[5px] bl-decoration-[1px] hover:bl-decoration-[2px] bl-w-full bl-text-center bl-min-h-[44px] bl-py-[10px] @md\/tab-block:bl-py-[16px] @md\/tab-block:xl:bl-py-[18px] bl-px-[15px] bl-duration-[400ms]\n\t\t\t\t\tbl-text-identity-black dark:bl-text-pure-white hover:bl-bg-identity-blue-80 active:bl-bg-identity-blue hover:bl-text-pure-white active:bl-text-pure-white\n\t\t\t\t\tdark:hover:bl-bg-identity-yellow-40 dark:active:bl-bg-identity-yellow dark:hover:bl-text-identity-black dark:active:bl-text-identity-black bl-hyphens-manual\">\n\t\t\t\tAlle verbergen\t\t\t<\/button>\n\t\t<\/li>\n\t\t\n\t\t\t\t<li\n\t\t\tdata-first-visible-tab=\"true\"\n\t\t\tclass=\"bl-relative bl-overflow-visible bl-hyphens-manual\n\t\t\tbl-flex-grow-0 bl-flex-shrink-0\n\t\t\t@md\/tab-block:group-aria-expanded:max-w-full\n\n\t\t\tafter:bl-hidden data-[active]:after:bl-block after:content-['']\n\t\t\tafter:bl-bg-identity-blue after:bl-absolute\n\t\t\tafter:-bl-bottom-[0px]\n\t\t\tafter:bl-h-[4px] after:bl-w-full\n\n\t\t\tbl-border-r-0 bl-border-r-identity-blue\n\t\t\t\n\t\t\tbefore:bl-block @md\/tab-block:before:bl-inline-block before:bl-content-[''] before:bl-self-stretch\n\t\t\tdata-[first-visible-tab='true']:before:bl-w-[calc(var(--tabNavFullWidth)-1px)] before:bl-w-full\n\t\t\t\t\t\tgroup-aria-expanded:before:bl-w-[100vw] before:bl-h-[2px] before:bl-bg-identity-blue-60\n\t\t\tbefore:bl-absolute before:bl-bottom-[1px]\n\n\t\t\tbl-w-full bl-hidden group-aria-expanded:bl-block\n\t\t\t@md\/tab-block:bl-w-auto @md\/tab-block:group-aria-expanded:bl-w-fit @md\/tab-block:bl-block @md\/tab-block:bl-flex-nowrap @md\/tab-block:bl-whitespace-nowrap @md\/tab-block:group-aria-expanded:bl-whitespace-normal\n\t\t\t\t\t\tdata-[search-result='false']:bl-hidden data-[search-result='false']:group-aria-expanded:bl-hidden\">\n\t\t\t<a\n\t\t\t\tdata-open-tab-index=\"0\"\n\t\t\t\thref=\"#alumni-tag\"\n\t\t\t\tclass=\"bl-text-center \t\t\t\t\tbl-inline-block bl-align-middle bl-w-full bl-h-full bl-min-h-[44px] bl-py-[10px] @md\/tab-block:bl-py-[16px] @md\/tab-block:xl:bl-py-[18px] bl-px-[15px]\n\t\t\t\t\tbl-transition-colors bl-duration-[400ms] -bl-mt-[1px] bl-mb-[1px] bl-no-underline !-bl-outline-offset-[7px]\n\t\t\t\t\tbl-text-identity-black dark:bl-text-pure-white hover:bl-bg-identity-blue-80 active:bl-bg-identity-blue hover:bl-text-pure-white active:bl-text-pure-white\n\t\t\t\t\tdark:hover:bl-bg-identity-yellow-40 dark:active:bl-bg-identity-yellow dark:hover:bl-text-identity-black dark:active:bl-text-identity-black bl-hyphens-manual\">\n\t\t\t\tAlumni-Tag\t\t\t<\/a>\n\t\t<\/li>\n\t\t\t\t<li\n\t\t\tdata-first-visible-tab=\"false\"\n\t\t\tclass=\"bl-relative bl-overflow-visible bl-hyphens-manual\n\t\t\tbl-flex-grow-0 bl-flex-shrink-0\n\t\t\t@md\/tab-block:group-aria-expanded:max-w-full\n\n\t\t\tafter:bl-hidden data-[active]:after:bl-block after:content-['']\n\t\t\tafter:bl-bg-identity-blue after:bl-absolute\n\t\t\tafter:-bl-bottom-[0px]\n\t\t\tafter:bl-h-[4px] after:bl-w-full\n\n\t\t\tbl-border-r-0 bl-border-r-identity-blue\n\t\t\t\n\t\t\tbefore:bl-block @md\/tab-block:before:bl-inline-block before:bl-content-[''] before:bl-self-stretch\n\t\t\tdata-[first-visible-tab='true']:before:bl-w-[calc(var(--tabNavFullWidth)-1px)] before:bl-w-full\n\t\t\t\t\t\tgroup-aria-expanded:before:bl-w-[100vw] before:bl-h-[2px] before:bl-bg-identity-blue-60\n\t\t\tbefore:bl-absolute before:bl-bottom-[1px]\n\n\t\t\tbl-w-full bl-hidden group-aria-expanded:bl-block\n\t\t\t@md\/tab-block:bl-w-auto @md\/tab-block:group-aria-expanded:bl-w-fit @md\/tab-block:bl-block @md\/tab-block:bl-flex-nowrap @md\/tab-block:bl-whitespace-nowrap @md\/tab-block:group-aria-expanded:bl-whitespace-normal\n\t\t\t\t\t\tdata-[search-result='false']:bl-hidden data-[search-result='false']:group-aria-expanded:bl-hidden\">\n\t\t\t<a\n\t\t\t\tdata-open-tab-index=\"1\"\n\t\t\t\thref=\"#impressionen\"\n\t\t\t\tclass=\"bl-text-center \t\t\t\t\tbl-inline-block bl-align-middle bl-w-full bl-h-full bl-min-h-[44px] bl-py-[10px] @md\/tab-block:bl-py-[16px] @md\/tab-block:xl:bl-py-[18px] bl-px-[15px]\n\t\t\t\t\tbl-transition-colors bl-duration-[400ms] -bl-mt-[1px] bl-mb-[1px] bl-no-underline !-bl-outline-offset-[7px]\n\t\t\t\t\tbl-text-identity-black dark:bl-text-pure-white hover:bl-bg-identity-blue-80 active:bl-bg-identity-blue hover:bl-text-pure-white active:bl-text-pure-white\n\t\t\t\t\tdark:hover:bl-bg-identity-yellow-40 dark:active:bl-bg-identity-yellow dark:hover:bl-text-identity-black dark:active:bl-text-identity-black bl-hyphens-manual\">\n\t\t\t\tImpressionen\t\t\t<\/a>\n\t\t<\/li>\n\t\t\t\t<li\n\t\t\tdata-first-visible-tab=\"false\"\n\t\t\tclass=\"bl-relative bl-overflow-visible bl-hyphens-manual\n\t\t\tbl-flex-grow-0 bl-flex-shrink-0\n\t\t\t@md\/tab-block:group-aria-expanded:max-w-full\n\n\t\t\tafter:bl-hidden data-[active]:after:bl-block after:content-['']\n\t\t\tafter:bl-bg-identity-blue after:bl-absolute\n\t\t\tafter:-bl-bottom-[0px]\n\t\t\tafter:bl-h-[4px] after:bl-w-full\n\n\t\t\tbl-border-r-0 bl-border-r-identity-blue\n\t\t\t\n\t\t\tbefore:bl-block @md\/tab-block:before:bl-inline-block before:bl-content-[''] before:bl-self-stretch\n\t\t\tdata-[first-visible-tab='true']:before:bl-w-[calc(var(--tabNavFullWidth)-1px)] before:bl-w-full\n\t\t\t\t\t\tgroup-aria-expanded:before:bl-w-[100vw] before:bl-h-[2px] before:bl-bg-identity-blue-60\n\t\t\tbefore:bl-absolute before:bl-bottom-[1px]\n\n\t\t\tbl-w-full bl-hidden group-aria-expanded:bl-block\n\t\t\t@md\/tab-block:bl-w-auto @md\/tab-block:group-aria-expanded:bl-w-fit @md\/tab-block:bl-block @md\/tab-block:bl-flex-nowrap @md\/tab-block:bl-whitespace-nowrap @md\/tab-block:group-aria-expanded:bl-whitespace-normal\n\t\t\t\t\t\tdata-[search-result='false']:bl-hidden data-[search-result='false']:group-aria-expanded:bl-hidden\">\n\t\t\t<a\n\t\t\t\tdata-open-tab-index=\"2\"\n\t\t\t\thref=\"#programm\"\n\t\t\t\tclass=\"bl-text-center \t\t\t\t\tbl-inline-block bl-align-middle bl-w-full bl-h-full bl-min-h-[44px] bl-py-[10px] @md\/tab-block:bl-py-[16px] @md\/tab-block:xl:bl-py-[18px] bl-px-[15px]\n\t\t\t\t\tbl-transition-colors bl-duration-[400ms] -bl-mt-[1px] bl-mb-[1px] bl-no-underline !-bl-outline-offset-[7px]\n\t\t\t\t\tbl-text-identity-black dark:bl-text-pure-white hover:bl-bg-identity-blue-80 active:bl-bg-identity-blue hover:bl-text-pure-white active:bl-text-pure-white\n\t\t\t\t\tdark:hover:bl-bg-identity-yellow-40 dark:active:bl-bg-identity-yellow dark:hover:bl-text-identity-black dark:active:bl-text-identity-black bl-hyphens-manual\">\n\t\t\t\tProgramm\t\t\t<\/a>\n\t\t<\/li>\n\t\t\t\t<li\n\t\t\tdata-first-visible-tab=\"false\"\n\t\t\tclass=\"bl-relative bl-overflow-visible bl-hyphens-manual\n\t\t\tbl-flex-grow-0 bl-flex-shrink-0\n\t\t\t@md\/tab-block:group-aria-expanded:max-w-full\n\n\t\t\tafter:bl-hidden data-[active]:after:bl-block after:content-['']\n\t\t\tafter:bl-bg-identity-blue after:bl-absolute\n\t\t\tafter:-bl-bottom-[0px]\n\t\t\tafter:bl-h-[4px] after:bl-w-full\n\n\t\t\tbl-border-r-0 bl-border-r-identity-blue\n\t\t\t\n\t\t\tbefore:bl-block @md\/tab-block:before:bl-inline-block before:bl-content-[''] before:bl-self-stretch\n\t\t\tdata-[first-visible-tab='true']:before:bl-w-[calc(var(--tabNavFullWidth)-1px)] before:bl-w-full\n\t\t\t\t\t\tgroup-aria-expanded:before:bl-w-[100vw] before:bl-h-[2px] before:bl-bg-identity-blue-60\n\t\t\tbefore:bl-absolute before:bl-bottom-[1px]\n\n\t\t\tbl-w-full bl-hidden group-aria-expanded:bl-block\n\t\t\t@md\/tab-block:bl-w-auto @md\/tab-block:group-aria-expanded:bl-w-fit @md\/tab-block:bl-block @md\/tab-block:bl-flex-nowrap @md\/tab-block:bl-whitespace-nowrap @md\/tab-block:group-aria-expanded:bl-whitespace-normal\n\t\t\t\t\t\tdata-[search-result='false']:bl-hidden data-[search-result='false']:group-aria-expanded:bl-hidden\">\n\t\t\t<a\n\t\t\t\tdata-open-tab-index=\"3\"\n\t\t\t\thref=\"#unsere-podiumsg\u00e4st-innen\"\n\t\t\t\tclass=\"bl-text-center \t\t\t\t\tbl-inline-block bl-align-middle bl-w-full bl-h-full bl-min-h-[44px] bl-py-[10px] @md\/tab-block:bl-py-[16px] @md\/tab-block:xl:bl-py-[18px] bl-px-[15px]\n\t\t\t\t\tbl-transition-colors bl-duration-[400ms] -bl-mt-[1px] bl-mb-[1px] bl-no-underline !-bl-outline-offset-[7px]\n\t\t\t\t\tbl-text-identity-black dark:bl-text-pure-white hover:bl-bg-identity-blue-80 active:bl-bg-identity-blue hover:bl-text-pure-white active:bl-text-pure-white\n\t\t\t\t\tdark:hover:bl-bg-identity-yellow-40 dark:active:bl-bg-identity-yellow dark:hover:bl-text-identity-black dark:active:bl-text-identity-black bl-hyphens-manual\">\n\t\t\t\tUnsere Podiumsg\u00e4st*innen\t\t\t<\/a>\n\t\t<\/li>\n\t\t\t\t\n\t\t<li class=\"bl-w-full @md\/tab-block:bl-hidden bl-border-b-2 @md\/tab-block:bl-border-b-transparent bl-border-b-identity-blue-60\">\n\t\t\t<button \n\t\t\t\tdata-tab=\"695f53f6-ebe5-482a-b19b-3d5d3f21b751\"\n\t\t\t\tdata-tab-part=\"expand-tablist-button-mobile\"\n\t\t\t\tclass=\"bl-underline bl-underline-offset-[5px] bl-decoration-[1px] hover:bl-decoration-[2px] bl-w-full bl-text-center bl-min-h-[44px] bl-py-[10px] @md\/tab-block:bl-py-[16px] @md\/tab-block:xl:bl-py-[18px] bl-px-[15px] bl-duration-[400ms]\n\t\t\t\t\tbl-text-identity-black dark:bl-text-pure-white hover:bl-bg-identity-blue-80 active:bl-bg-identity-blue hover:bl-text-pure-white active:bl-text-pure-white\n\t\t\t\t\tdark:hover:bl-bg-identity-yellow-40 dark:active:bl-bg-identity-yellow dark:hover:bl-text-identity-black dark:active:bl-text-identity-black bl-hyphens-manual\">\n\t\t\t\tAlle anzeigen\t\t\t<\/button>\n\t\t<\/li>\n\t<\/ul>\n\t<span\n\t\tdata-tab=\"695f53f6-ebe5-482a-b19b-3d5d3f21b751\"\n\t\tdata-tab-part=\"no-search-results-text\" \n\t\tclass=\"bl-hidden bl-my-[8px] bl-py-[2px] bl-px-[5px] @md\/tab-block:bl-my-[14px] @md\/tab-block:xl:bl-my-[16px] bl-mx-[15px] bl-bg-identity-rose bl-text-identity-black dark:bl-text-identity-black bl-mb-[1px] bl-hyphens-manual\">\n\t\tKeine Inhalte gefunden.\t<\/span>\n\t\n\t<div class=\"bl-hidden @md\/tab-block:bl-flex bl-absolute bl-right-0 bl-ps-16 bl-pointer-events-none bl-h-[calc(100%-4px)] bl-bg-gradient-to-r bl-from-transparent bl-via-pure-white bl-to-pure-white dark:bl-via-identity-black dark:bl-to-identity-black\">\n\t\t<button\n\t\t\tdata-tab=\"695f53f6-ebe5-482a-b19b-3d5d3f21b751\"\n\t\t\tdata-tab-part=\"scroll-left-button\" \n\t\t\tclass=\"bl-min-w-[44px] bl-pointer-events-auto bl-min-h-[44px] bl-h-full bl-my-auto \n\t\t\t\tbl-text-identity-black dark:bl-text-pure-white\n\t\t\t\tdisabled:bl-text-disabled hover:disabled:bl-text-disabled \n\t\t\t\tdark:disabled:bl-text-disabled dark:hover:disabled:bl-text-disabled\n\t\t\t\tdisabled:bl-cursor-not-allowed\n\t\t\t\thover:bl-text-identity-blue-80 dark:hover:bl-text-identity-yellow-40\n\t\t\t\tactive:bl-text-identity-blue dark:active:bl-text-identity-yellow\n\t\t\t\tbl-transition-colors bl-duration-[400ms]\">\n\t\t\t<svg width=\"100%\" viewBox=\"0 0 35 50\" fill=\"none\" xmlns=\"http:\/\/www.w3.org\/2000\/svg\"\n\taria-label=\"chevron-left\" class=\"bl-inline bl-h-[40px] bl-w-auto\" role=\"img\">\n\t<title>chevron-left<\/title>\n\t<path d=\"M30 45L9.39394 24.9998L30 5\" stroke=\"currentColor\" stroke-width=\"12\" \/>\n<\/svg>\n\t\t<\/button>\n\t\t<button\n\t\t\tdata-tab=\"695f53f6-ebe5-482a-b19b-3d5d3f21b751\"\n\t\t\tdata-tab-part=\"scroll-right-button\" \n\t\t\tclass=\"bl-min-w-[44px] bl-pointer-events-auto bl-min-h-[44px] bl-h-full bl-my-auto \n\t\t\t\tbl-text-identity-black dark:bl-text-pure-white\n\t\t\t\tdisabled:bl-text-disabled hover:disabled:bl-text-disabled \n\t\t\t\tdark:disabled:bl-text-disabled dark:hover:disabled:bl-text-disabled\n\t\t\t\tdisabled:bl-cursor-not-allowed\n\t\t\t\thover:bl-text-identity-blue-80 dark:hover:bl-text-identity-yellow-40\n\t\t\t\tactive:bl-text-identity-blue dark:active:bl-text-identity-yellow\n\t\t\t\tbl-transition-colors bl-duration-[400ms]\">\n\t\t\t<svg width=\"100%\" viewBox=\"0 0 35 50\" fill=\"none\" xmlns=\"http:\/\/www.w3.org\/2000\/svg\"\n\taria-label=\"chevron-right\" class=\"bl-inline bl-h-[40px] bl-w-auto\" role=\"img\">\n\t<title>chevron-right<\/title>\n\t<path d=\"M5.00012 5L25.6062 25.0002L5.00012 45\" stroke=\"currentColor\" stroke-width=\"12\" \/>\n<\/svg>\n\t\t<\/button>\n\t<\/div>\n<\/div>\n\t\t<\/div>\n\t\t\n\n\t\t<div class=\"bl-flex-1 bl-mt-[30px] @md\/tab-block:bl-mt-[50px] \">\n\t\t\t\n<div\n\tdata-tab=\"695f53f6-ebe5-482a-b19b-3d5d3f21b751\"\n\tdata-tab-part=\"tabs-container\">\n\t\t\t\t\t<section\n\t\t\tdata-tab=\"695f53f6-ebe5-482a-b19b-3d5d3f21b751\"\n\t\t\tdata-tab-part=\"tab-content\"\n\t\t\tdata-tab-index=\"0\"\n\t\t\tid=\"alumni-tag\"\n\t\t\tclass=\"bl-hidden is-layout-flow bl-scroll-m-[154px] @md\/tab-block:bl-scroll-m-[118px] first:*:bl-mt-0\"\n\t\t\taria-expanded=\"true\">\n\t\t\t\n\n<h2 class=\"wp-block-heading\"><strong>Ein Ort f\u00fcr Dialog, Austausch und Diskussion<\/strong><\/h2>\n\n\n\n<p>Am 4. Juli 2025 \u00f6ffneten sich die T\u00fcren der Aula des KG I f\u00fcr den Alumni-Tag 2025.<\/p>\n\n\n\n<p>Ganz im Zeichen der Vernetzung und zum Thema des Tages \u201eDemokratIsCH\u201c kamen \u00fcber 200 G\u00e4st*innen, unter ihnen zahlreiche Ehemalige, Verbundene der Universit\u00e4t sowie Studierende, zusammen.<\/p>\n\n\n\n<p>Erstes Tageshighlight war die feierliche Verleihung der Universit\u00e4tsmedaille an Alumnus Christian Streich, ehemaliger Trainer des SC Freiburg, durch Kanzlerin Christina Leib. Mit dieser Auszeichnung betonte Kanzlerin Leib Streichs \u201eweitreichende Strahlkraft in der Gesellschaft&#8220; und w\u00fcrdigte sein Engagement f\u00fcr Diversit\u00e4t, Inklusion und Demokratie.<\/p>\n\n\n\n<p>Auch in diesem Jahr stellten sich mit Jessup Moot Court und dem StudiTZ zwei langj\u00e4hrige F\u00f6rderprojekte des Alumni Freiburg e.V. vor. Der Jessup Moot Court bietet Jura-Studierenden die M\u00f6glichkeit Erlerntes in einer simulierten Gerichtsverhandlung und im Wettbewerb mit Studierenden anderer Hochschulen praktisch zu festigen. Mit der Vorstellung des StudiTZ, des <strong>Studi<\/strong>erenden-<strong>T<\/strong>rainings<strong>z<\/strong>entrum der Medizinischen Fakult\u00e4t, das eines von zwei F\u00f6rderprojekten der diesj\u00e4hrigen Sommerspende ist, fiel der Startschuss f\u00fcr die Spendenaktion. F\u00fcr die Aktualisierung der Who-is-Who-Wand des Uniseums, die dank der letzten Winterspende erm\u00f6glicht wurde, reichten Besucher*innen des Alumni-Tages flei\u00dfig neue Vorschl\u00e4ge ein.<\/p>\n\n\n\n<p>In einer spannenden Podiumsdiskussion mit dem Titel \u201eZukunft der Demokratie in Zeiten der Gef\u00e4hrdung: Perspektiven aus der Alumni-Community\u201c kamen unsere Alumni <strong>Christine Althauser<\/strong> (ehemalige deutsche Botschafterin \/ Generalkonsulin), <strong>Nicola Brandt <\/strong>(Leiterin des OECD Berlin Centre), <strong>Matthias Deutschmann<\/strong> (politischer Kabarettist), <strong>Christian Streich<\/strong> (ehemaliger SC Freiburg-Trainer) und <strong>Elisabeth Piller<\/strong> (Juniorprofessorin&nbsp; und Expertin f\u00fcr Transatlantische und Nordamerikanische Geschichte) in den aktiven Dialog.<\/p>\n\n\n\n<figure class=\"wp-block-image aligncenter size-large is-resized\"><img loading=\"lazy\" decoding=\"async\" width=\"1024\" height=\"683\" src=\"https:\/\/uni-freiburg.de\/alumni\/wp-content\/uploads\/sites\/16\/Foto-klaus-polkowski.de-91-1-1024x683.jpg\" alt=\"\" class=\"wp-image-2400\" style=\"width:532px;height:auto\" srcset=\"https:\/\/uni-freiburg.de\/alumni\/wp-content\/uploads\/sites\/16\/Foto-klaus-polkowski.de-91-1-1024x683.jpg 1024w, https:\/\/uni-freiburg.de\/alumni\/wp-content\/uploads\/sites\/16\/Foto-klaus-polkowski.de-91-1-300x200.jpg 300w, https:\/\/uni-freiburg.de\/alumni\/wp-content\/uploads\/sites\/16\/Foto-klaus-polkowski.de-91-1-768x512.jpg 768w, https:\/\/uni-freiburg.de\/alumni\/wp-content\/uploads\/sites\/16\/Foto-klaus-polkowski.de-91-1-1536x1024.jpg 1536w, https:\/\/uni-freiburg.de\/alumni\/wp-content\/uploads\/sites\/16\/Foto-klaus-polkowski.de-91-1.jpg 1920w\" sizes=\"auto, (max-width: 1024px) 100vw, 1024px\" \/><\/figure>\n\n\n\n<p>Mit ihren vielf\u00e4ltigen Perspektiven aus unterschiedlichen Disziplinen er\u00f6ffneten unsere Podiumsg\u00e4st*innen Raum f\u00fcr Austausch, Diskussion und Vernetzung. <\/p>\n\n\n\n<p>Wir bedanken uns herzlich bei allen G\u00e4st*innen f\u00fcr das zahlreiche Erscheinen sowie f\u00fcr den regen und aktiven Austausch!&nbsp; Besonderen Dank gilt allen Beitragenden, unterst\u00fctzenden Kolleg*innen der Abteilungen Hochschulkommunikation und Marketing und Events sowie unseren Podiumsteilnehmer*innen.<\/p>\n\n\n\n<p>Gemeinsam mit Ihnen freuen wir uns bereits auf den n\u00e4chsten Alumni-Tag 2026!<\/p>\n\n\t\t<\/section>\n\t\t\t\t\t<section\n\t\t\tdata-tab=\"695f53f6-ebe5-482a-b19b-3d5d3f21b751\"\n\t\t\tdata-tab-part=\"tab-content\"\n\t\t\tdata-tab-index=\"1\"\n\t\t\tid=\"impressionen\"\n\t\t\tclass=\"bl-hidden is-layout-flow bl-scroll-m-[154px] @md\/tab-block:bl-scroll-m-[118px] first:*:bl-mt-0\"\n\t\t\taria-expanded=\"false\">\n\t\t\t\n\n<figure class=\"wp-block-gallery has-nested-images columns-default is-cropped wp-block-gallery-2 is-layout-flex wp-block-gallery-is-layout-flex\">\n<figure class=\"wp-block-image size-large\"><img loading=\"lazy\" decoding=\"async\" width=\"1024\" height=\"683\" data-id=\"2355\" src=\"https:\/\/uni-freiburg.de\/alumni\/wp-content\/uploads\/sites\/16\/Foto-klaus-polkowski.de-6-1024x683.jpg\" alt=\"Christian Streich unterschreibt im goldenen Buch \" class=\"wp-image-2355\" srcset=\"https:\/\/uni-freiburg.de\/alumni\/wp-content\/uploads\/sites\/16\/Foto-klaus-polkowski.de-6-1024x683.jpg 1024w, https:\/\/uni-freiburg.de\/alumni\/wp-content\/uploads\/sites\/16\/Foto-klaus-polkowski.de-6-300x200.jpg 300w, https:\/\/uni-freiburg.de\/alumni\/wp-content\/uploads\/sites\/16\/Foto-klaus-polkowski.de-6-768x512.jpg 768w, https:\/\/uni-freiburg.de\/alumni\/wp-content\/uploads\/sites\/16\/Foto-klaus-polkowski.de-6-1536x1024.jpg 1536w, https:\/\/uni-freiburg.de\/alumni\/wp-content\/uploads\/sites\/16\/Foto-klaus-polkowski.de-6.jpg 1920w\" sizes=\"auto, (max-width: 1024px) 100vw, 1024px\" \/><\/figure>\n\n\n\n<figure class=\"wp-block-image size-large\"><img loading=\"lazy\" decoding=\"async\" width=\"1024\" height=\"683\" data-id=\"2360\" src=\"https:\/\/uni-freiburg.de\/alumni\/wp-content\/uploads\/sites\/16\/Foto-klaus-polkowski.de-27-1024x683.jpg\" alt=\"Publikumssicht Aula vorne\" class=\"wp-image-2360\" srcset=\"https:\/\/uni-freiburg.de\/alumni\/wp-content\/uploads\/sites\/16\/Foto-klaus-polkowski.de-27-1024x683.jpg 1024w, https:\/\/uni-freiburg.de\/alumni\/wp-content\/uploads\/sites\/16\/Foto-klaus-polkowski.de-27-300x200.jpg 300w, https:\/\/uni-freiburg.de\/alumni\/wp-content\/uploads\/sites\/16\/Foto-klaus-polkowski.de-27-768x512.jpg 768w, https:\/\/uni-freiburg.de\/alumni\/wp-content\/uploads\/sites\/16\/Foto-klaus-polkowski.de-27-1536x1024.jpg 1536w, https:\/\/uni-freiburg.de\/alumni\/wp-content\/uploads\/sites\/16\/Foto-klaus-polkowski.de-27.jpg 1920w\" sizes=\"auto, (max-width: 1024px) 100vw, 1024px\" \/><\/figure>\n\n\n\n<figure class=\"wp-block-image size-large\"><img loading=\"lazy\" decoding=\"async\" width=\"1024\" height=\"683\" data-id=\"2358\" src=\"https:\/\/uni-freiburg.de\/alumni\/wp-content\/uploads\/sites\/16\/Foto-klaus-polkowski.de-19-1024x683.jpg\" alt=\"Begr\u00fc\u00dfung  durch Sonja Jost, Leiterin der Abteilung f\u00fcr Beziehungsmanagement und Alumni\" class=\"wp-image-2358\" srcset=\"https:\/\/uni-freiburg.de\/alumni\/wp-content\/uploads\/sites\/16\/Foto-klaus-polkowski.de-19-1024x683.jpg 1024w, https:\/\/uni-freiburg.de\/alumni\/wp-content\/uploads\/sites\/16\/Foto-klaus-polkowski.de-19-300x200.jpg 300w, https:\/\/uni-freiburg.de\/alumni\/wp-content\/uploads\/sites\/16\/Foto-klaus-polkowski.de-19-768x512.jpg 768w, https:\/\/uni-freiburg.de\/alumni\/wp-content\/uploads\/sites\/16\/Foto-klaus-polkowski.de-19-1536x1024.jpg 1536w, https:\/\/uni-freiburg.de\/alumni\/wp-content\/uploads\/sites\/16\/Foto-klaus-polkowski.de-19.jpg 1920w\" sizes=\"auto, (max-width: 1024px) 100vw, 1024px\" \/><\/figure>\n\n\n\n<figure class=\"wp-block-image size-large\"><img loading=\"lazy\" decoding=\"async\" width=\"1024\" height=\"683\" data-id=\"2356\" src=\"https:\/\/uni-freiburg.de\/alumni\/wp-content\/uploads\/sites\/16\/Foto-klaus-polkowski.de-13-1024x683.jpg\" alt=\"Austausch mit Christian Streich\" class=\"wp-image-2356\" srcset=\"https:\/\/uni-freiburg.de\/alumni\/wp-content\/uploads\/sites\/16\/Foto-klaus-polkowski.de-13-1024x683.jpg 1024w, https:\/\/uni-freiburg.de\/alumni\/wp-content\/uploads\/sites\/16\/Foto-klaus-polkowski.de-13-300x200.jpg 300w, https:\/\/uni-freiburg.de\/alumni\/wp-content\/uploads\/sites\/16\/Foto-klaus-polkowski.de-13-768x512.jpg 768w, https:\/\/uni-freiburg.de\/alumni\/wp-content\/uploads\/sites\/16\/Foto-klaus-polkowski.de-13-1536x1024.jpg 1536w, https:\/\/uni-freiburg.de\/alumni\/wp-content\/uploads\/sites\/16\/Foto-klaus-polkowski.de-13.jpg 1920w\" sizes=\"auto, (max-width: 1024px) 100vw, 1024px\" \/><\/figure>\n\n\n\n<figure class=\"wp-block-image size-large\"><img loading=\"lazy\" decoding=\"async\" width=\"1024\" height=\"683\" data-id=\"2357\" src=\"https:\/\/uni-freiburg.de\/alumni\/wp-content\/uploads\/sites\/16\/Foto-klaus-polkowski.de-18-1024x683.jpg\" alt=\"Auftritt UniBig Band Combo\" class=\"wp-image-2357\" srcset=\"https:\/\/uni-freiburg.de\/alumni\/wp-content\/uploads\/sites\/16\/Foto-klaus-polkowski.de-18-1024x683.jpg 1024w, https:\/\/uni-freiburg.de\/alumni\/wp-content\/uploads\/sites\/16\/Foto-klaus-polkowski.de-18-300x200.jpg 300w, https:\/\/uni-freiburg.de\/alumni\/wp-content\/uploads\/sites\/16\/Foto-klaus-polkowski.de-18-768x512.jpg 768w, https:\/\/uni-freiburg.de\/alumni\/wp-content\/uploads\/sites\/16\/Foto-klaus-polkowski.de-18-1536x1024.jpg 1536w, https:\/\/uni-freiburg.de\/alumni\/wp-content\/uploads\/sites\/16\/Foto-klaus-polkowski.de-18.jpg 1920w\" sizes=\"auto, (max-width: 1024px) 100vw, 1024px\" \/><\/figure>\n\n\n\n<figure class=\"wp-block-image size-large\"><img loading=\"lazy\" decoding=\"async\" width=\"1024\" height=\"683\" data-id=\"2364\" src=\"https:\/\/uni-freiburg.de\/alumni\/wp-content\/uploads\/sites\/16\/Foto-klaus-polkowski.de-42-1024x683.jpg\" alt=\"Verleihung der Universit\u00e4tsmedaille an Christian Streich\" class=\"wp-image-2364\" srcset=\"https:\/\/uni-freiburg.de\/alumni\/wp-content\/uploads\/sites\/16\/Foto-klaus-polkowski.de-42-1024x683.jpg 1024w, https:\/\/uni-freiburg.de\/alumni\/wp-content\/uploads\/sites\/16\/Foto-klaus-polkowski.de-42-300x200.jpg 300w, https:\/\/uni-freiburg.de\/alumni\/wp-content\/uploads\/sites\/16\/Foto-klaus-polkowski.de-42-768x512.jpg 768w, https:\/\/uni-freiburg.de\/alumni\/wp-content\/uploads\/sites\/16\/Foto-klaus-polkowski.de-42-1536x1024.jpg 1536w, https:\/\/uni-freiburg.de\/alumni\/wp-content\/uploads\/sites\/16\/Foto-klaus-polkowski.de-42.jpg 1920w\" sizes=\"auto, (max-width: 1024px) 100vw, 1024px\" \/><\/figure>\n\n\n\n<figure class=\"wp-block-image size-large\"><img loading=\"lazy\" decoding=\"async\" width=\"1024\" height=\"1024\" data-id=\"2361\" src=\"https:\/\/uni-freiburg.de\/alumni\/wp-content\/uploads\/sites\/16\/Foto-klaus-polkowski.de-29-1024x1024.jpg\" alt=\"Vorstellung Jessup Moot Court mit Johanna Walterspiel und Pascaline Vormann\" class=\"wp-image-2361\" srcset=\"https:\/\/uni-freiburg.de\/alumni\/wp-content\/uploads\/sites\/16\/Foto-klaus-polkowski.de-29-1024x1024.jpg 1024w, https:\/\/uni-freiburg.de\/alumni\/wp-content\/uploads\/sites\/16\/Foto-klaus-polkowski.de-29-300x300.jpg 300w, https:\/\/uni-freiburg.de\/alumni\/wp-content\/uploads\/sites\/16\/Foto-klaus-polkowski.de-29-150x150.jpg 150w, https:\/\/uni-freiburg.de\/alumni\/wp-content\/uploads\/sites\/16\/Foto-klaus-polkowski.de-29-768x768.jpg 768w, https:\/\/uni-freiburg.de\/alumni\/wp-content\/uploads\/sites\/16\/Foto-klaus-polkowski.de-29-1536x1536.jpg 1536w, https:\/\/uni-freiburg.de\/alumni\/wp-content\/uploads\/sites\/16\/Foto-klaus-polkowski.de-29.jpg 1920w\" sizes=\"auto, (max-width: 1024px) 100vw, 1024px\" \/><\/figure>\n\n\n\n<figure class=\"wp-block-image size-large\"><img loading=\"lazy\" decoding=\"async\" width=\"1024\" height=\"683\" data-id=\"2359\" src=\"https:\/\/uni-freiburg.de\/alumni\/wp-content\/uploads\/sites\/16\/Foto-klaus-polkowski.de-23-1024x683.jpg\" alt=\"B\u00fchnensicht Aula hinten\" class=\"wp-image-2359\" srcset=\"https:\/\/uni-freiburg.de\/alumni\/wp-content\/uploads\/sites\/16\/Foto-klaus-polkowski.de-23-1024x683.jpg 1024w, https:\/\/uni-freiburg.de\/alumni\/wp-content\/uploads\/sites\/16\/Foto-klaus-polkowski.de-23-300x200.jpg 300w, https:\/\/uni-freiburg.de\/alumni\/wp-content\/uploads\/sites\/16\/Foto-klaus-polkowski.de-23-768x512.jpg 768w, https:\/\/uni-freiburg.de\/alumni\/wp-content\/uploads\/sites\/16\/Foto-klaus-polkowski.de-23-1536x1024.jpg 1536w, https:\/\/uni-freiburg.de\/alumni\/wp-content\/uploads\/sites\/16\/Foto-klaus-polkowski.de-23.jpg 1920w\" sizes=\"auto, (max-width: 1024px) 100vw, 1024px\" \/><\/figure>\n\n\n\n<figure class=\"wp-block-image size-large\"><img loading=\"lazy\" decoding=\"async\" width=\"1024\" height=\"683\" data-id=\"2362\" src=\"https:\/\/uni-freiburg.de\/alumni\/wp-content\/uploads\/sites\/16\/Foto-klaus-polkowski.de-32-1024x683.jpg\" alt=\"Kanzlerin Christina Leib und Prorektor Prof. Dr. Michael Schwarze\" class=\"wp-image-2362\" srcset=\"https:\/\/uni-freiburg.de\/alumni\/wp-content\/uploads\/sites\/16\/Foto-klaus-polkowski.de-32-1024x683.jpg 1024w, https:\/\/uni-freiburg.de\/alumni\/wp-content\/uploads\/sites\/16\/Foto-klaus-polkowski.de-32-300x200.jpg 300w, https:\/\/uni-freiburg.de\/alumni\/wp-content\/uploads\/sites\/16\/Foto-klaus-polkowski.de-32-768x512.jpg 768w, https:\/\/uni-freiburg.de\/alumni\/wp-content\/uploads\/sites\/16\/Foto-klaus-polkowski.de-32-1536x1024.jpg 1536w, https:\/\/uni-freiburg.de\/alumni\/wp-content\/uploads\/sites\/16\/Foto-klaus-polkowski.de-32.jpg 1920w\" sizes=\"auto, (max-width: 1024px) 100vw, 1024px\" \/><\/figure>\n\n\n\n<figure class=\"wp-block-image size-large\"><img loading=\"lazy\" decoding=\"async\" width=\"1024\" height=\"683\" data-id=\"2365\" src=\"https:\/\/uni-freiburg.de\/alumni\/wp-content\/uploads\/sites\/16\/Foto-klaus-polkowski.de-45-1024x683.jpg\" alt=\"Drei Fragen an Christian Streich\" class=\"wp-image-2365\" srcset=\"https:\/\/uni-freiburg.de\/alumni\/wp-content\/uploads\/sites\/16\/Foto-klaus-polkowski.de-45-1024x683.jpg 1024w, https:\/\/uni-freiburg.de\/alumni\/wp-content\/uploads\/sites\/16\/Foto-klaus-polkowski.de-45-300x200.jpg 300w, https:\/\/uni-freiburg.de\/alumni\/wp-content\/uploads\/sites\/16\/Foto-klaus-polkowski.de-45-768x512.jpg 768w, https:\/\/uni-freiburg.de\/alumni\/wp-content\/uploads\/sites\/16\/Foto-klaus-polkowski.de-45-1536x1024.jpg 1536w, https:\/\/uni-freiburg.de\/alumni\/wp-content\/uploads\/sites\/16\/Foto-klaus-polkowski.de-45.jpg 1920w\" sizes=\"auto, (max-width: 1024px) 100vw, 1024px\" \/><\/figure>\n\n\n\n<figure class=\"wp-block-image size-large\"><img loading=\"lazy\" decoding=\"async\" width=\"1024\" height=\"683\" data-id=\"2363\" src=\"https:\/\/uni-freiburg.de\/alumni\/wp-content\/uploads\/sites\/16\/Foto-klaus-polkowski.de-37-1024x683.jpg\" alt=\"Laudatio Kanzlerin Christina Leib\" class=\"wp-image-2363\" srcset=\"https:\/\/uni-freiburg.de\/alumni\/wp-content\/uploads\/sites\/16\/Foto-klaus-polkowski.de-37-1024x683.jpg 1024w, https:\/\/uni-freiburg.de\/alumni\/wp-content\/uploads\/sites\/16\/Foto-klaus-polkowski.de-37-300x200.jpg 300w, https:\/\/uni-freiburg.de\/alumni\/wp-content\/uploads\/sites\/16\/Foto-klaus-polkowski.de-37-768x512.jpg 768w, https:\/\/uni-freiburg.de\/alumni\/wp-content\/uploads\/sites\/16\/Foto-klaus-polkowski.de-37-1536x1024.jpg 1536w, https:\/\/uni-freiburg.de\/alumni\/wp-content\/uploads\/sites\/16\/Foto-klaus-polkowski.de-37.jpg 1920w\" sizes=\"auto, (max-width: 1024px) 100vw, 1024px\" \/><\/figure>\n\n\n\n<figure class=\"wp-block-image size-large\"><img loading=\"lazy\" decoding=\"async\" width=\"1024\" height=\"683\" data-id=\"2366\" src=\"https:\/\/uni-freiburg.de\/alumni\/wp-content\/uploads\/sites\/16\/Foto-klaus-polkowski.de-62-1024x683.jpg\" alt=\"Johanna Walterspiel und Pascaline Vormann im Gespr\u00e4ch mit Prorektor Schwarze\" class=\"wp-image-2366\" srcset=\"https:\/\/uni-freiburg.de\/alumni\/wp-content\/uploads\/sites\/16\/Foto-klaus-polkowski.de-62-1024x683.jpg 1024w, https:\/\/uni-freiburg.de\/alumni\/wp-content\/uploads\/sites\/16\/Foto-klaus-polkowski.de-62-300x200.jpg 300w, https:\/\/uni-freiburg.de\/alumni\/wp-content\/uploads\/sites\/16\/Foto-klaus-polkowski.de-62-768x512.jpg 768w, https:\/\/uni-freiburg.de\/alumni\/wp-content\/uploads\/sites\/16\/Foto-klaus-polkowski.de-62-1536x1024.jpg 1536w, https:\/\/uni-freiburg.de\/alumni\/wp-content\/uploads\/sites\/16\/Foto-klaus-polkowski.de-62.jpg 1920w\" sizes=\"auto, (max-width: 1024px) 100vw, 1024px\" \/><\/figure>\n\n\n\n<figure class=\"wp-block-image size-large\"><img loading=\"lazy\" decoding=\"async\" width=\"1024\" height=\"683\" data-id=\"2367\" src=\"https:\/\/uni-freiburg.de\/alumni\/wp-content\/uploads\/sites\/16\/Foto-klaus-polkowski.de-67-1024x683.jpg\" alt=\"Gruppenfoto\" class=\"wp-image-2367\" srcset=\"https:\/\/uni-freiburg.de\/alumni\/wp-content\/uploads\/sites\/16\/Foto-klaus-polkowski.de-67-1024x683.jpg 1024w, https:\/\/uni-freiburg.de\/alumni\/wp-content\/uploads\/sites\/16\/Foto-klaus-polkowski.de-67-300x200.jpg 300w, https:\/\/uni-freiburg.de\/alumni\/wp-content\/uploads\/sites\/16\/Foto-klaus-polkowski.de-67-768x512.jpg 768w, https:\/\/uni-freiburg.de\/alumni\/wp-content\/uploads\/sites\/16\/Foto-klaus-polkowski.de-67-1536x1024.jpg 1536w, https:\/\/uni-freiburg.de\/alumni\/wp-content\/uploads\/sites\/16\/Foto-klaus-polkowski.de-67.jpg 1920w\" sizes=\"auto, (max-width: 1024px) 100vw, 1024px\" \/><\/figure>\n\n\n\n<figure class=\"wp-block-image size-large\"><img loading=\"lazy\" decoding=\"async\" width=\"1024\" height=\"683\" data-id=\"2368\" src=\"https:\/\/uni-freiburg.de\/alumni\/wp-content\/uploads\/sites\/16\/Foto-klaus-polkowski.de-70-1024x683.jpg\" alt=\"Vorraum Aula\" class=\"wp-image-2368\" srcset=\"https:\/\/uni-freiburg.de\/alumni\/wp-content\/uploads\/sites\/16\/Foto-klaus-polkowski.de-70-1024x683.jpg 1024w, https:\/\/uni-freiburg.de\/alumni\/wp-content\/uploads\/sites\/16\/Foto-klaus-polkowski.de-70-300x200.jpg 300w, https:\/\/uni-freiburg.de\/alumni\/wp-content\/uploads\/sites\/16\/Foto-klaus-polkowski.de-70-768x512.jpg 768w, https:\/\/uni-freiburg.de\/alumni\/wp-content\/uploads\/sites\/16\/Foto-klaus-polkowski.de-70-1536x1024.jpg 1536w, https:\/\/uni-freiburg.de\/alumni\/wp-content\/uploads\/sites\/16\/Foto-klaus-polkowski.de-70.jpg 1920w\" sizes=\"auto, (max-width: 1024px) 100vw, 1024px\" \/><\/figure>\n\n\n\n<figure class=\"wp-block-image size-large\"><img loading=\"lazy\" decoding=\"async\" width=\"1024\" height=\"683\" data-id=\"2369\" src=\"https:\/\/uni-freiburg.de\/alumni\/wp-content\/uploads\/sites\/16\/Foto-klaus-polkowski.de-72-1024x683.jpg\" alt=\"\" class=\"wp-image-2369\" srcset=\"https:\/\/uni-freiburg.de\/alumni\/wp-content\/uploads\/sites\/16\/Foto-klaus-polkowski.de-72-1024x683.jpg 1024w, https:\/\/uni-freiburg.de\/alumni\/wp-content\/uploads\/sites\/16\/Foto-klaus-polkowski.de-72-300x200.jpg 300w, https:\/\/uni-freiburg.de\/alumni\/wp-content\/uploads\/sites\/16\/Foto-klaus-polkowski.de-72-768x512.jpg 768w, https:\/\/uni-freiburg.de\/alumni\/wp-content\/uploads\/sites\/16\/Foto-klaus-polkowski.de-72-1536x1024.jpg 1536w, https:\/\/uni-freiburg.de\/alumni\/wp-content\/uploads\/sites\/16\/Foto-klaus-polkowski.de-72.jpg 1920w\" sizes=\"auto, (max-width: 1024px) 100vw, 1024px\" \/><\/figure>\n\n\n\n<figure class=\"wp-block-image size-large\"><img loading=\"lazy\" decoding=\"async\" width=\"1024\" height=\"683\" data-id=\"2370\" src=\"https:\/\/uni-freiburg.de\/alumni\/wp-content\/uploads\/sites\/16\/Foto-klaus-polkowski.de-78-1024x683.jpg\" alt=\"G\u00e4st*innen im Austausch\" class=\"wp-image-2370\" srcset=\"https:\/\/uni-freiburg.de\/alumni\/wp-content\/uploads\/sites\/16\/Foto-klaus-polkowski.de-78-1024x683.jpg 1024w, https:\/\/uni-freiburg.de\/alumni\/wp-content\/uploads\/sites\/16\/Foto-klaus-polkowski.de-78-300x200.jpg 300w, https:\/\/uni-freiburg.de\/alumni\/wp-content\/uploads\/sites\/16\/Foto-klaus-polkowski.de-78-768x512.jpg 768w, https:\/\/uni-freiburg.de\/alumni\/wp-content\/uploads\/sites\/16\/Foto-klaus-polkowski.de-78-1536x1024.jpg 1536w, https:\/\/uni-freiburg.de\/alumni\/wp-content\/uploads\/sites\/16\/Foto-klaus-polkowski.de-78.jpg 1920w\" sizes=\"auto, (max-width: 1024px) 100vw, 1024px\" \/><\/figure>\n\n\n\n<figure class=\"wp-block-image size-large\"><img loading=\"lazy\" decoding=\"async\" width=\"1024\" height=\"683\" data-id=\"2371\" src=\"https:\/\/uni-freiburg.de\/alumni\/wp-content\/uploads\/sites\/16\/Foto-klaus-polkowski.de-84-1024x683.jpg\" alt=\"Vorstellung StuiTZ Niclas Schierloh\" class=\"wp-image-2371\" srcset=\"https:\/\/uni-freiburg.de\/alumni\/wp-content\/uploads\/sites\/16\/Foto-klaus-polkowski.de-84-1024x683.jpg 1024w, https:\/\/uni-freiburg.de\/alumni\/wp-content\/uploads\/sites\/16\/Foto-klaus-polkowski.de-84-300x200.jpg 300w, https:\/\/uni-freiburg.de\/alumni\/wp-content\/uploads\/sites\/16\/Foto-klaus-polkowski.de-84-768x512.jpg 768w, https:\/\/uni-freiburg.de\/alumni\/wp-content\/uploads\/sites\/16\/Foto-klaus-polkowski.de-84-1536x1024.jpg 1536w, https:\/\/uni-freiburg.de\/alumni\/wp-content\/uploads\/sites\/16\/Foto-klaus-polkowski.de-84.jpg 1920w\" sizes=\"auto, (max-width: 1024px) 100vw, 1024px\" \/><\/figure>\n\n\n\n<figure class=\"wp-block-image size-large\"><img loading=\"lazy\" decoding=\"async\" width=\"1024\" height=\"683\" data-id=\"2372\" src=\"https:\/\/uni-freiburg.de\/alumni\/wp-content\/uploads\/sites\/16\/Foto-klaus-polkowski.de-87-1024x683.jpg\" alt=\"Vortrag Niclas Schierloh Publikumsansicht\" class=\"wp-image-2372\" srcset=\"https:\/\/uni-freiburg.de\/alumni\/wp-content\/uploads\/sites\/16\/Foto-klaus-polkowski.de-87-1024x683.jpg 1024w, https:\/\/uni-freiburg.de\/alumni\/wp-content\/uploads\/sites\/16\/Foto-klaus-polkowski.de-87-300x200.jpg 300w, https:\/\/uni-freiburg.de\/alumni\/wp-content\/uploads\/sites\/16\/Foto-klaus-polkowski.de-87-768x512.jpg 768w, https:\/\/uni-freiburg.de\/alumni\/wp-content\/uploads\/sites\/16\/Foto-klaus-polkowski.de-87-1536x1024.jpg 1536w, https:\/\/uni-freiburg.de\/alumni\/wp-content\/uploads\/sites\/16\/Foto-klaus-polkowski.de-87.jpg 1920w\" sizes=\"auto, (max-width: 1024px) 100vw, 1024px\" \/><\/figure>\n\n\n\n<figure class=\"wp-block-image size-large\"><img loading=\"lazy\" decoding=\"async\" width=\"1024\" height=\"683\" data-id=\"2373\" src=\"https:\/\/uni-freiburg.de\/alumni\/wp-content\/uploads\/sites\/16\/Foto-klaus-polkowski.de-91-1024x683.jpg\" alt=\"Podiumsdiskussion frontal\" class=\"wp-image-2373\" srcset=\"https:\/\/uni-freiburg.de\/alumni\/wp-content\/uploads\/sites\/16\/Foto-klaus-polkowski.de-91-1024x683.jpg 1024w, https:\/\/uni-freiburg.de\/alumni\/wp-content\/uploads\/sites\/16\/Foto-klaus-polkowski.de-91-300x200.jpg 300w, https:\/\/uni-freiburg.de\/alumni\/wp-content\/uploads\/sites\/16\/Foto-klaus-polkowski.de-91-768x512.jpg 768w, https:\/\/uni-freiburg.de\/alumni\/wp-content\/uploads\/sites\/16\/Foto-klaus-polkowski.de-91-1536x1024.jpg 1536w, https:\/\/uni-freiburg.de\/alumni\/wp-content\/uploads\/sites\/16\/Foto-klaus-polkowski.de-91.jpg 1920w\" sizes=\"auto, (max-width: 1024px) 100vw, 1024px\" \/><\/figure>\n\n\n\n<figure class=\"wp-block-image size-large\"><img loading=\"lazy\" decoding=\"async\" width=\"1024\" height=\"683\" data-id=\"2374\" src=\"https:\/\/uni-freiburg.de\/alumni\/wp-content\/uploads\/sites\/16\/Foto-klaus-polkowski.de-97-1024x683.jpg\" alt=\"Nahaufnahme Uni BigBand Combo\" class=\"wp-image-2374\" srcset=\"https:\/\/uni-freiburg.de\/alumni\/wp-content\/uploads\/sites\/16\/Foto-klaus-polkowski.de-97-1024x683.jpg 1024w, https:\/\/uni-freiburg.de\/alumni\/wp-content\/uploads\/sites\/16\/Foto-klaus-polkowski.de-97-300x200.jpg 300w, https:\/\/uni-freiburg.de\/alumni\/wp-content\/uploads\/sites\/16\/Foto-klaus-polkowski.de-97-768x512.jpg 768w, https:\/\/uni-freiburg.de\/alumni\/wp-content\/uploads\/sites\/16\/Foto-klaus-polkowski.de-97-1536x1024.jpg 1536w, https:\/\/uni-freiburg.de\/alumni\/wp-content\/uploads\/sites\/16\/Foto-klaus-polkowski.de-97.jpg 1920w\" sizes=\"auto, (max-width: 1024px) 100vw, 1024px\" \/><\/figure>\n\n\n\n<figure class=\"wp-block-image size-large\"><img loading=\"lazy\" decoding=\"async\" width=\"1024\" height=\"683\" data-id=\"2377\" src=\"https:\/\/uni-freiburg.de\/alumni\/wp-content\/uploads\/sites\/16\/Foto-klaus-polkowski.de-118-1024x683.jpg\" alt=\"Christian Streich, Kanzlerin Leib und Prorektor Schwarze im Publikum\" class=\"wp-image-2377\" srcset=\"https:\/\/uni-freiburg.de\/alumni\/wp-content\/uploads\/sites\/16\/Foto-klaus-polkowski.de-118-1024x683.jpg 1024w, https:\/\/uni-freiburg.de\/alumni\/wp-content\/uploads\/sites\/16\/Foto-klaus-polkowski.de-118-300x200.jpg 300w, https:\/\/uni-freiburg.de\/alumni\/wp-content\/uploads\/sites\/16\/Foto-klaus-polkowski.de-118-768x512.jpg 768w, https:\/\/uni-freiburg.de\/alumni\/wp-content\/uploads\/sites\/16\/Foto-klaus-polkowski.de-118-1536x1024.jpg 1536w, https:\/\/uni-freiburg.de\/alumni\/wp-content\/uploads\/sites\/16\/Foto-klaus-polkowski.de-118.jpg 1920w\" sizes=\"auto, (max-width: 1024px) 100vw, 1024px\" \/><\/figure>\n\n\n\n<figure class=\"wp-block-image size-large\"><img loading=\"lazy\" decoding=\"async\" width=\"1024\" height=\"683\" data-id=\"2375\" src=\"https:\/\/uni-freiburg.de\/alumni\/wp-content\/uploads\/sites\/16\/Foto-klaus-polkowski.de-101-1024x683.jpg\" alt=\"Begr\u00fc\u00dfungsrede Prorektor Prof. Dr. Michael Schwarze\" class=\"wp-image-2375\" srcset=\"https:\/\/uni-freiburg.de\/alumni\/wp-content\/uploads\/sites\/16\/Foto-klaus-polkowski.de-101-1024x683.jpg 1024w, https:\/\/uni-freiburg.de\/alumni\/wp-content\/uploads\/sites\/16\/Foto-klaus-polkowski.de-101-300x200.jpg 300w, https:\/\/uni-freiburg.de\/alumni\/wp-content\/uploads\/sites\/16\/Foto-klaus-polkowski.de-101-768x512.jpg 768w, https:\/\/uni-freiburg.de\/alumni\/wp-content\/uploads\/sites\/16\/Foto-klaus-polkowski.de-101-1536x1024.jpg 1536w, https:\/\/uni-freiburg.de\/alumni\/wp-content\/uploads\/sites\/16\/Foto-klaus-polkowski.de-101.jpg 1920w\" sizes=\"auto, (max-width: 1024px) 100vw, 1024px\" \/><\/figure>\n\n\n\n<figure class=\"wp-block-image size-large\"><img loading=\"lazy\" decoding=\"async\" width=\"1024\" height=\"683\" data-id=\"2376\" src=\"https:\/\/uni-freiburg.de\/alumni\/wp-content\/uploads\/sites\/16\/Foto-klaus-polkowski.de-105-1024x683.jpg\" alt=\"Sonja Jost und Arndt Michael im Publikum\" class=\"wp-image-2376\" srcset=\"https:\/\/uni-freiburg.de\/alumni\/wp-content\/uploads\/sites\/16\/Foto-klaus-polkowski.de-105-1024x683.jpg 1024w, https:\/\/uni-freiburg.de\/alumni\/wp-content\/uploads\/sites\/16\/Foto-klaus-polkowski.de-105-300x200.jpg 300w, https:\/\/uni-freiburg.de\/alumni\/wp-content\/uploads\/sites\/16\/Foto-klaus-polkowski.de-105-768x512.jpg 768w, https:\/\/uni-freiburg.de\/alumni\/wp-content\/uploads\/sites\/16\/Foto-klaus-polkowski.de-105-1536x1024.jpg 1536w, https:\/\/uni-freiburg.de\/alumni\/wp-content\/uploads\/sites\/16\/Foto-klaus-polkowski.de-105.jpg 1920w\" sizes=\"auto, (max-width: 1024px) 100vw, 1024px\" \/><\/figure>\n\n\n\n<figure class=\"wp-block-image size-large\"><img loading=\"lazy\" decoding=\"async\" width=\"1024\" height=\"683\" data-id=\"2378\" src=\"https:\/\/uni-freiburg.de\/alumni\/wp-content\/uploads\/sites\/16\/Foto-klaus-polkowski.de-127-1024x683.jpg\" alt=\"Christan Streich und Kanzlerin Christina Leib\" class=\"wp-image-2378\" srcset=\"https:\/\/uni-freiburg.de\/alumni\/wp-content\/uploads\/sites\/16\/Foto-klaus-polkowski.de-127-1024x683.jpg 1024w, https:\/\/uni-freiburg.de\/alumni\/wp-content\/uploads\/sites\/16\/Foto-klaus-polkowski.de-127-300x200.jpg 300w, https:\/\/uni-freiburg.de\/alumni\/wp-content\/uploads\/sites\/16\/Foto-klaus-polkowski.de-127-768x512.jpg 768w, https:\/\/uni-freiburg.de\/alumni\/wp-content\/uploads\/sites\/16\/Foto-klaus-polkowski.de-127-1536x1024.jpg 1536w, https:\/\/uni-freiburg.de\/alumni\/wp-content\/uploads\/sites\/16\/Foto-klaus-polkowski.de-127.jpg 1920w\" sizes=\"auto, (max-width: 1024px) 100vw, 1024px\" \/><\/figure>\n\n\n\n<figure class=\"wp-block-image size-large\"><img loading=\"lazy\" decoding=\"async\" width=\"1024\" height=\"683\" data-id=\"2379\" src=\"https:\/\/uni-freiburg.de\/alumni\/wp-content\/uploads\/sites\/16\/Foto-klaus-polkowski.de-135-1024x683.jpg\" alt=\"G\u00e4st*innen im Austausch\" class=\"wp-image-2379\" srcset=\"https:\/\/uni-freiburg.de\/alumni\/wp-content\/uploads\/sites\/16\/Foto-klaus-polkowski.de-135-1024x683.jpg 1024w, https:\/\/uni-freiburg.de\/alumni\/wp-content\/uploads\/sites\/16\/Foto-klaus-polkowski.de-135-300x200.jpg 300w, https:\/\/uni-freiburg.de\/alumni\/wp-content\/uploads\/sites\/16\/Foto-klaus-polkowski.de-135-768x512.jpg 768w, https:\/\/uni-freiburg.de\/alumni\/wp-content\/uploads\/sites\/16\/Foto-klaus-polkowski.de-135-1536x1024.jpg 1536w, https:\/\/uni-freiburg.de\/alumni\/wp-content\/uploads\/sites\/16\/Foto-klaus-polkowski.de-135.jpg 1920w\" sizes=\"auto, (max-width: 1024px) 100vw, 1024px\" \/><\/figure>\n\n\n\n<figure class=\"wp-block-image size-large\"><img loading=\"lazy\" decoding=\"async\" width=\"1024\" height=\"683\" data-id=\"2380\" src=\"https:\/\/uni-freiburg.de\/alumni\/wp-content\/uploads\/sites\/16\/Foto-klaus-polkowski.de-147-1024x683.jpg\" alt=\"Podiumsdiskussion\" class=\"wp-image-2380\" srcset=\"https:\/\/uni-freiburg.de\/alumni\/wp-content\/uploads\/sites\/16\/Foto-klaus-polkowski.de-147-1024x683.jpg 1024w, https:\/\/uni-freiburg.de\/alumni\/wp-content\/uploads\/sites\/16\/Foto-klaus-polkowski.de-147-300x200.jpg 300w, https:\/\/uni-freiburg.de\/alumni\/wp-content\/uploads\/sites\/16\/Foto-klaus-polkowski.de-147-768x512.jpg 768w, https:\/\/uni-freiburg.de\/alumni\/wp-content\/uploads\/sites\/16\/Foto-klaus-polkowski.de-147-1536x1024.jpg 1536w, https:\/\/uni-freiburg.de\/alumni\/wp-content\/uploads\/sites\/16\/Foto-klaus-polkowski.de-147.jpg 1920w\" sizes=\"auto, (max-width: 1024px) 100vw, 1024px\" \/><\/figure>\n\n\n\n<figure class=\"wp-block-image size-large\"><img loading=\"lazy\" decoding=\"async\" width=\"1024\" height=\"683\" data-id=\"2381\" src=\"https:\/\/uni-freiburg.de\/alumni\/wp-content\/uploads\/sites\/16\/Foto-klaus-polkowski.de-150-1024x683.jpg\" alt=\"Christian Streich bei der Podiumsdiskussion\" class=\"wp-image-2381\" srcset=\"https:\/\/uni-freiburg.de\/alumni\/wp-content\/uploads\/sites\/16\/Foto-klaus-polkowski.de-150-1024x683.jpg 1024w, https:\/\/uni-freiburg.de\/alumni\/wp-content\/uploads\/sites\/16\/Foto-klaus-polkowski.de-150-300x200.jpg 300w, https:\/\/uni-freiburg.de\/alumni\/wp-content\/uploads\/sites\/16\/Foto-klaus-polkowski.de-150-768x512.jpg 768w, https:\/\/uni-freiburg.de\/alumni\/wp-content\/uploads\/sites\/16\/Foto-klaus-polkowski.de-150-1536x1024.jpg 1536w, https:\/\/uni-freiburg.de\/alumni\/wp-content\/uploads\/sites\/16\/Foto-klaus-polkowski.de-150.jpg 1920w\" sizes=\"auto, (max-width: 1024px) 100vw, 1024px\" \/><\/figure>\n<\/figure>\n\n\t\t<\/section>\n\t\t\t\t\t<section\n\t\t\tdata-tab=\"695f53f6-ebe5-482a-b19b-3d5d3f21b751\"\n\t\t\tdata-tab-part=\"tab-content\"\n\t\t\tdata-tab-index=\"2\"\n\t\t\tid=\"programm\"\n\t\t\tclass=\"bl-hidden is-layout-flow bl-scroll-m-[154px] @md\/tab-block:bl-scroll-m-[118px] first:*:bl-mt-0\"\n\t\t\taria-expanded=\"false\">\n\t\t\t\n\n<div class=\"wp-block-columns is-layout-flex wp-container-core-columns-is-layout-28f84493 wp-block-columns-is-layout-flex\">\n<div class=\"wp-block-column is-layout-flow wp-block-column-is-layout-flow\" style=\"flex-basis:100%\">\n<p><\/p>\n\n\n\n<figure class=\"wp-block-image aligncenter size-large\"><img loading=\"lazy\" decoding=\"async\" width=\"724\" height=\"1024\" src=\"https:\/\/uni-freiburg.de\/alumni\/wp-content\/uploads\/sites\/16\/Alumni-Tag-2025-Poster-DINA3_final_Web-724x1024.jpg\" alt=\"Programm-Flyer Alumni-Tag 2025\" class=\"wp-image-2241\" srcset=\"https:\/\/uni-freiburg.de\/alumni\/wp-content\/uploads\/sites\/16\/Alumni-Tag-2025-Poster-DINA3_final_Web-724x1024.jpg 724w, https:\/\/uni-freiburg.de\/alumni\/wp-content\/uploads\/sites\/16\/Alumni-Tag-2025-Poster-DINA3_final_Web-212x300.jpg 212w, https:\/\/uni-freiburg.de\/alumni\/wp-content\/uploads\/sites\/16\/Alumni-Tag-2025-Poster-DINA3_final_Web-768x1086.jpg 768w, https:\/\/uni-freiburg.de\/alumni\/wp-content\/uploads\/sites\/16\/Alumni-Tag-2025-Poster-DINA3_final_Web-1086x1536.jpg 1086w, https:\/\/uni-freiburg.de\/alumni\/wp-content\/uploads\/sites\/16\/Alumni-Tag-2025-Poster-DINA3_final_Web-1448x2048.jpg 1448w, https:\/\/uni-freiburg.de\/alumni\/wp-content\/uploads\/sites\/16\/Alumni-Tag-2025-Poster-DINA3_final_Web-scaled.jpg 1810w\" sizes=\"auto, (max-width: 724px) 100vw, 724px\" \/><\/figure>\n<\/div>\n<\/div>\n\n\t\t<\/section>\n\t\t\t\t\t<section\n\t\t\tdata-tab=\"695f53f6-ebe5-482a-b19b-3d5d3f21b751\"\n\t\t\tdata-tab-part=\"tab-content\"\n\t\t\tdata-tab-index=\"3\"\n\t\t\tid=\"unsere-podiumsg\u00e4st-innen\"\n\t\t\tclass=\"bl-hidden is-layout-flow bl-scroll-m-[154px] @md\/tab-block:bl-scroll-m-[118px] first:*:bl-mt-0\"\n\t\t\taria-expanded=\"false\">\n\t\t\t\n\n<p>Am diesj\u00e4hrigen Alumni Tag fand eine Podiumsdiskussion, moderiert von Arndt Micheal, mit dem Titel \u201eZukunft der Demokratie in Zeiten der Gef\u00e4hrdung: Perspektiven aus der Alumni-Community\u201c statt. Lernen Sie unsere G\u00e4st*innen in den Interviews, die vor dem Alumni-Tag aufgenommen wurden, kennen!<\/p>\n\n\n\n<p><\/p>\n\n\n\n<div class=\"wp-block-columns is-layout-flex wp-container-core-columns-is-layout-28f84493 wp-block-columns-is-layout-flex\">\n<div class=\"wp-block-column is-layout-flow wp-block-column-is-layout-flow\" style=\"flex-basis:50%\"><div>\n\t<div class=\"bl-relative bl-w-full bl-pb-[56.25%]\">\n\t\t\t\t<iframe\n\t\t\t\tclass=\"bl-absolute bl-top-0 bl-left-0 bl-w-full bl-h-full\"\n\t\t\t\taria-label=\"Video aus dem VIMP-Medienportal der Universit\u00e4t Freiburg\"\n\t\t\t\taria-description=\"\"\n\t\t\t\tsrc=\"https:\/\/videoportal.uni-freiburg.de\/media\/embed?key=7065753d29099922bd360f7401d7338e&#038;autoplay=false&#038;autolightsoff=false&#038;loop=false&#038;chapters=false&#038;responsive=true&#038;loadonclick=true&#038;thumb=true\"\n\t\t\t\tdata-src=\"https:\/\/videoportal.uni-freiburg.de\/media\/embed?key=7065753d29099922bd360f7401d7338e&#038;autoplay=false&#038;autolightsoff=false&#038;loop=false&#038;chapters=false&#038;responsive=true&#038;loadonclick=true\"\n\t\t\t\tframeborder=\"0\"\n\t\t\t\tallowfullscreen=\"allowfullscreen\"\n\t\t\t\tallowtransparency=\"true\"\n\t\t\t\tscrolling=\"no\"\n\t\t\t><\/iframe>\n\t\t\t\t<\/div>\n<\/div>\n<\/div>\n\n\n\n<div class=\"wp-block-column is-layout-flow wp-block-column-is-layout-flow\" style=\"flex-basis:50%\"><div>\n\t<div class=\"bl-relative bl-w-full bl-pb-[56.25%]\">\n\t\t\t\t<iframe\n\t\t\t\tclass=\"bl-absolute bl-top-0 bl-left-0 bl-w-full bl-h-full\"\n\t\t\t\taria-label=\"Video aus dem VIMP-Medienportal der Universit\u00e4t Freiburg\"\n\t\t\t\taria-description=\"\"\n\t\t\t\tsrc=\"https:\/\/videoportal.uni-freiburg.de\/media\/embed?key=449e84684d964b7c533815baba896d87&#038;autoplay=false&#038;autolightsoff=false&#038;loop=false&#038;chapters=false&#038;responsive=true&#038;loadonclick=true&#038;thumb=true\"\n\t\t\t\tdata-src=\"https:\/\/videoportal.uni-freiburg.de\/media\/embed?key=449e84684d964b7c533815baba896d87&#038;autoplay=false&#038;autolightsoff=false&#038;loop=false&#038;chapters=false&#038;responsive=true&#038;loadonclick=true\"\n\t\t\t\tframeborder=\"0\"\n\t\t\t\tallowfullscreen=\"allowfullscreen\"\n\t\t\t\tallowtransparency=\"true\"\n\t\t\t\tscrolling=\"no\"\n\t\t\t><\/iframe>\n\t\t\t\t<\/div>\n<\/div>\n<\/div>\n<\/div>\n\n\n\n<p><\/p>\n\n\n\n<div class=\"wp-block-columns is-layout-flex wp-container-core-columns-is-layout-28f84493 wp-block-columns-is-layout-flex\">\n<div class=\"wp-block-column is-layout-flow wp-block-column-is-layout-flow\" style=\"flex-basis:50%\"><div>\n\t<div class=\"bl-relative bl-w-full bl-pb-[56.25%]\">\n\t\t\t\t<iframe\n\t\t\t\tclass=\"bl-absolute bl-top-0 bl-left-0 bl-w-full bl-h-full\"\n\t\t\t\taria-label=\"Video aus dem VIMP-Medienportal der Universit\u00e4t Freiburg\"\n\t\t\t\taria-description=\"\"\n\t\t\t\tsrc=\"https:\/\/videoportal.uni-freiburg.de\/media\/embed?key=4559b7fa1f904a8232fe58d7ee6f9c0f&#038;autoplay=false&#038;autolightsoff=false&#038;loop=false&#038;chapters=false&#038;responsive=true&#038;loadonclick=true&#038;thumb=true\"\n\t\t\t\tdata-src=\"https:\/\/videoportal.uni-freiburg.de\/media\/embed?key=4559b7fa1f904a8232fe58d7ee6f9c0f&#038;autoplay=false&#038;autolightsoff=false&#038;loop=false&#038;chapters=false&#038;responsive=true&#038;loadonclick=true\"\n\t\t\t\tframeborder=\"0\"\n\t\t\t\tallowfullscreen=\"allowfullscreen\"\n\t\t\t\tallowtransparency=\"true\"\n\t\t\t\tscrolling=\"no\"\n\t\t\t><\/iframe>\n\t\t\t\t<\/div>\n<\/div>\n<\/div>\n\n\n\n<div class=\"wp-block-column is-layout-flow wp-block-column-is-layout-flow\" style=\"flex-basis:50%\"><div>\n\t<div class=\"bl-relative bl-w-full bl-pb-[56.25%]\">\n\t\t\t\t<iframe\n\t\t\t\tclass=\"bl-absolute bl-top-0 bl-left-0 bl-w-full bl-h-full\"\n\t\t\t\taria-label=\"Video aus dem VIMP-Medienportal der Universit\u00e4t Freiburg\"\n\t\t\t\taria-description=\"\"\n\t\t\t\tsrc=\"https:\/\/videoportal.uni-freiburg.de\/media\/embed?key=343ebd839a0a4672e9efa915b20cbac9&#038;autoplay=false&#038;autolightsoff=false&#038;loop=false&#038;chapters=false&#038;responsive=true&#038;loadonclick=true&#038;thumb=true\"\n\t\t\t\tdata-src=\"https:\/\/videoportal.uni-freiburg.de\/media\/embed?key=343ebd839a0a4672e9efa915b20cbac9&#038;autoplay=false&#038;autolightsoff=false&#038;loop=false&#038;chapters=false&#038;responsive=true&#038;loadonclick=true\"\n\t\t\t\tframeborder=\"0\"\n\t\t\t\tallowfullscreen=\"allowfullscreen\"\n\t\t\t\tallowtransparency=\"true\"\n\t\t\t\tscrolling=\"no\"\n\t\t\t><\/iframe>\n\t\t\t\t<\/div>\n<\/div>\n<\/div>\n<\/div>\n\n\t\t<\/section>\n\t<\/div>\n\t\t<\/div>\n\t<\/div>\n<\/div>\n\n\n\n<p><\/p>\n\n\n\n<p><\/p>\n\n\n\n<p><\/p>\n","protected":false},"excerpt":{"rendered":"","protected":false},"author":828,"featured_media":0,"comment_status":"closed","ping_status":"closed","sticky":false,"template":"","format":"standard","meta":{"_trash_the_other_posts":false,"editor_notices":[],"_show_in_pageentry_slider":false,"_pageentry_slider_title":"","footnotes":""},"categories":[1],"tags":[],"class_list":["post-2339","post","type-post","status-publish","format-standard","hentry","category-uncategorized"],"featured_image_url":null,"featured_image_alt":"","_links":{"self":[{"href":"https:\/\/uni-freiburg.de\/alumni\/wp-json\/wp\/v2\/posts\/2339","targetHints":{"allow":["GET"]}}],"collection":[{"href":"https:\/\/uni-freiburg.de\/alumni\/wp-json\/wp\/v2\/posts"}],"about":[{"href":"https:\/\/uni-freiburg.de\/alumni\/wp-json\/wp\/v2\/types\/post"}],"author":[{"embeddable":true,"href":"https:\/\/uni-freiburg.de\/alumni\/wp-json\/wp\/v2\/users\/828"}],"replies":[{"embeddable":true,"href":"https:\/\/uni-freiburg.de\/alumni\/wp-json\/wp\/v2\/comments?post=2339"}],"version-history":[{"count":14,"href":"https:\/\/uni-freiburg.de\/alumni\/wp-json\/wp\/v2\/posts\/2339\/revisions"}],"predecessor-version":[{"id":2935,"href":"https:\/\/uni-freiburg.de\/alumni\/wp-json\/wp\/v2\/posts\/2339\/revisions\/2935"}],"wp:attachment":[{"href":"https:\/\/uni-freiburg.de\/alumni\/wp-json\/wp\/v2\/media?parent=2339"}],"wp:term":[{"taxonomy":"category","embeddable":true,"href":"https:\/\/uni-freiburg.de\/alumni\/wp-json\/wp\/v2\/categories?post=2339"},{"taxonomy":"post_tag","embeddable":true,"href":"https:\/\/uni-freiburg.de\/alumni\/wp-json\/wp\/v2\/tags?post=2339"}],"curies":[{"name":"wp","href":"https:\/\/api.w.org\/{rel}","templated":true}]}}