{"id":6615,"date":"2025-03-11T15:20:31","date_gmt":"2025-03-11T14:20:31","guid":{"rendered":"https:\/\/uni-freiburg.de\/frias\/?p=6615"},"modified":"2025-03-11T15:20:31","modified_gmt":"2025-03-11T14:20:31","slug":"prof-dr-ralf-poscher","status":"publish","type":"post","link":"https:\/\/uni-freiburg.de\/frias\/prof-dr-ralf-poscher\/","title":{"rendered":"Prof. Dr. Ralf Poscher"},"content":{"rendered":"\n<div class=\"wp-block-group has-global-padding is-layout-constrained wp-block-group-is-layout-constrained\">\n<div style=\"height:25px\" aria-hidden=\"true\" class=\"wp-block-spacer\"><\/div>\n\n\n\n<div class=\"wp-block-columns are-vertically-aligned-top is-layout-flex wp-container-core-columns-is-layout-28f84493 wp-block-columns-is-layout-flex\">\n<div class=\"wp-block-column is-vertically-aligned-top is-layout-flow wp-block-column-is-layout-flow\" style=\"flex-basis:66.66%\">\n<div class=\"wp-block-media-text is-stacked-on-mobile is-vertically-aligned-top\" style=\"grid-template-columns:40% auto\"><figure class=\"wp-block-media-text__media\"><img loading=\"lazy\" decoding=\"async\" width=\"150\" height=\"200\" src=\"https:\/\/uni-freiburg.de\/frias\/wp-content\/uploads\/sites\/62\/PoscherRalf.jpg\" alt=\"\" class=\"wp-image-6616 size-full\" \/><\/figure><div class=\"wp-block-media-text__content\">\n<p>University of Freiburg, Institute for Staatswissenschaft &amp; Philosophy of Law<br>Public Law and Legal Philosophy<br><br>Rector\u2019s Fellow<br>October 2015 &#8211; July 2016<\/p>\n\n\n\n<div class=\"is-layout-flex wp-block-ufr-buttons-is-layout-flex\">\n\t\n\n<div class=\"wp-block-ufr-button\"> \n\t<a href=\"https:\/\/csl.mpg.de\/en\/ralf-poscher\"\n\t\t\t\taria-label=\"\"\n\t\tclass=\"\n\t\tbl-text-[1.125rem] bl-leading-[1.5625rem] bl-px-[26px] bl-py-[7px] bl-border-[2px] bl-gap-[8px] !bl-decoration-2 !bl-underline-offset-[5px] focus-visible:bl-outline-offset-[6px]\t\tbl-no-underline hover:bl-underline bl-font-medium\n\t\t\n\t\tfocus-visible:bl-outline-dotted focus-visible:bl-outline-2 bl-border-identity-black bl-text-identity-black\n\t   hover:bl-bg-identity-blue-80 hover:bl-border-identity-blue-80 hover:bl-text-pure-white\n\t   active:bl-bg-identity-blue active:bl-text-pure-white active:bl-border-identity-blue\n\t   !bl-outline-identity-black dark:bl-text-pure-white dark:!bl-border-pure-white\n\t\tdark:hover:bl-text-identity-black dark:hover:bl-bg-identity-yellow-40 dark:hover:!bl-border-identity-yellow-40\n\t\tdark:active:bl-text-identity-black dark:active:bl-bg-identity-yellow dark:active:!bl-border-identity-yellow\n\t\tdark:!bl-outline-pure-white\t\tbl-inline-flex bl-flex-row bl-items-center motion-safe:bl-transition-colors\n\t\tmotion-safe:bl-duration-[400ms] justify-center bl-hyphens-auto\n\t\t\">\n\t\t\t\t<span class=\"bl-inline-block\">\n\t\t\tWebsite\t\t<\/span>\n\t<\/a>\n<\/div>\n\n<\/div>\n\n\n\n\n<p>E-Mail: <a href=\"mailto:ralf.poscher@jura.uni-freiburg.de\">ralf.poscher@jura.uni-freiburg.de<\/a><\/p>\n<\/div><\/div>\n<\/div>\n\n\n\n<div class=\"wp-block-column is-vertically-aligned-top is-layout-flow wp-block-column-is-layout-flow\" style=\"flex-basis:33.33%\">\n<div class=\"[&amp;amp;&amp;gt;*]:bl-relative last:[&amp;amp;&amp;gt;*.bl-absolute]:bl-absolute\n\t\t\t[&amp;amp;&amp;gt;*]:bl-z-20 last:[&amp;amp;&amp;gt;*]:bl-z-10 bl-relative bl-overflow-x-clip\n\t\t\t[.wp-block-ufr-section_&amp;amp;]:bl-overflow-x-visible\n\t\t\tbl-bg-identity-lightblue bl-text-identity-black dark:bl-bg-identity-lightblue dark:bl-text-identity-black bl-py-[24px]  align wp-block-ufr-section has-global-padding is-layout-constrained wp-block-ufr-section-is-layout-constrained\">\n\n\t\n\n<p>Last Update: 31.08.2016<\/p>\n\n\t<\/div>\n<\/div>\n<\/div>\n\n\n\n<div class=\"wp-block-columns are-vertically-aligned-center is-layout-flex wp-container-core-columns-is-layout-28f84493 wp-block-columns-is-layout-flex\">\n<div class=\"wp-block-column is-vertically-aligned-center is-layout-flow wp-block-column-is-layout-flow\" style=\"flex-basis:66.66%\">\n<h2 class=\"wp-block-heading\">Curriculum Vitae<\/h2>\n\n\n\n<p>seit Oktober 2009 Professor an der Juristischen Fakult\u00e4t der Albert-Ludwigs-Universit\u00e4t Freiburg<\/p>\n\n\n\n<p>Wintersemester 2013 Fernand Braudel Senior Fellow am European University Institute in Florenz, Department of Law, Legal Theory<\/p>\n\n\n\n<p>Fr\u00fchjahr 2012 Gastwissenschaftler des Programms Law and Public Affairs (LAPA), Princeton, USA<\/p>\n\n\n\n<p>Dezember 2003 &#8211; September 2009 Professor an der Juristischen Fakult\u00e4t der Ruhr-Universit\u00e4t Bochum<\/p>\n\n\n\n<p>2007\/08 Mitglied des Institute for Advanced Study, Princeton, USA<\/p>\n\n\n\n<p>Fr\u00fchjahr 2007 Forschungsprofessur an der Juristischen Fakult\u00e4t der Universit\u00e4t Osaka, Japan<\/p>\n\n\n\n<p>WS 2003\/04 Vertretung des Lehrstuhls f\u00fcr \u00d6ffentliches Recht und Rechtssoziologie<br>an der Juristischen Fakult\u00e4t der Ruhr-Universit\u00e4t Bochum<\/p>\n\n\n\n<p>2002 Privatdozent an der Humboldt-Universit\u00e4t zu Berlin<\/p>\n\n\n\n<p>2002 Habilitation an der Juristischen Fakult\u00e4t der Humboldt-Universit\u00e4t zu Berlin. Erteilung der Lehrbefugnis f\u00fcr die F\u00e4cher \u00d6ffentliches Recht, Verfassungsgeschichte und Rechtsphilosophie<\/p>\n\n\n\n<p>1999-2002 Wissenschaftlicher Assistent am Institut f\u00fcr \u00f6ffentliches Recht der Humboldt-Universit\u00e4t zu Berlin, Lehrstuhl Prof. Dr. Bernhard Schlink<\/p>\n\n\n\n<p>1999 Verleihung des Humboldt-Preises<\/p>\n\n\n\n<p>1999 Promotion an der Juristischen Fakult\u00e4t der Humboldt-Universit\u00e4t zu Berlin<\/p>\n\n\n\n<p>1995-1999 Wissenschaftlicher Mitarbeiter am Institut f\u00fcr \u00f6ffentliches Recht der Humboldt-Universit\u00e4t Berlin, Lehrstuhl Prof. Dr. Bernhard Schlink<\/p>\n\n\n\n<p>1995 Zweites Juristisches Staatsexamen<\/p>\n\n\n\n<p>1992-1995 Referendariat am Kammergericht Berlin<\/p>\n\n\n\n<p>1990-1992 Wissenschaftlicher Mitarbeiter am Institut f\u00fcr \u00f6ffentliches Recht der Rheinischen Friedrich-Wilhelms-Universit\u00e4t Bonn, Lehrstuhl Prof. Dr. Bernhard Schlink<\/p>\n\n\n\n<p>1990 Erstes Juristisches Staatsexamen<\/p>\n\n\n\n<p>1984-1990 Studium der Rechtswissenschaften an der Rheinischen Friedrich-Wilhelms-Universit\u00e4t Bonn, der Universit\u00e9 de Bourgogne, Dijon und der London School of Economics and Political Science<\/p>\n\n\n\n<div style=\"height:32px\" aria-hidden=\"true\" class=\"wp-block-spacer\"><\/div>\n\n\n\n<div class=\"bl-w-full wp-block-ufr-accordion\">\n\n\n<article class=\"ufr-accordion-container-wrapper\" data-accordion=\"animationDuration: 400; direction: vertical; collapsible: true; \">\n\t<div class=\"ufr-accordion-container-flex-wrapper \">\n\t\t\n\n<section\n\tid=\"Selected-Publications\"\n\tclass=\"ufr-accordion-item-section\n\tufr-accordion-item-section--vertical\">\n\t<div class=\"bl-group\/accordion-header ufr-accordion-item-header\n\t\t\t\"\n\trole=\"button\"\n\ttabindex=\"0\"\n\taria-label=\"Toggle accordion item: Selected Publications\"\n\taria-controls=\"Accordion Selected-Publications content\"\n\t>\n\t\t<div class=\"ufr-accordion-item-header-wrapper\n\t\t\t\t\t\">\n\t\t\t\t\t\t<h3 class=\"ufr-accordion-item-header-heading\n\t\t\t\tufr-accordion-item-header-heading--vertical\t\t\t\">\n\t\t\t\tSelected Publications\t\t\t<\/h3>\n\t\t<\/div>\n\t\t<span class=\"\n\t\t\tchevron-container\n\t\t\tufr-accordion-item-header-chevron-container\n\t\t\tufr-accordion-item-header-chevron-container--!numbered ufr-accordion-header-chevron-container--light-in-lightmode ufr-accordion-header-chevron-container--dark-in-darkmode \t\t\" aria-hidden=\"true\">\n\t\t\t<svg width=\"100%\" viewBox=\"0 0 35 50\" fill=\"none\" xmlns=\"http:\/\/www.w3.org\/2000\/svg\"\n\taria-label=\"chevron-right\" class=\"bl-h-[40px] md:bl-h-[40px] xl:bl-h-[100px] bl-rotate-90\" role=\"img\">\n\t<title>chevron-right<\/title>\n\t<path d=\"M5.00012 5L25.6062 25.0002L5.00012 45\" stroke=\"currentColor\" stroke-width=\"12\" \/>\n<\/svg>\n\t\t<\/span>\n\t<\/div>\n\t<div\n\t\tid=\"Accordion Selected-Publications content\"\n\t\tclass=\"ufr-accordion-item-body\n\t\t\tufr-accordion-item-body--vertical\t\t\"\n\t\t\t>\n\t\t\t\t<div\n\t\tclass=\"ufr-accordion-item-body-outer-content-wrapper\n\t\t\t\t\t\"\n\t\taria-hidden=\"true\"\n\t\t>\n\t\t\t<div class=\"is-layout-flow\n\t\t\t\t\t\t\t\">\n\t\t\t\t\n\n<ul class=\"wp-block-list\">\n<li>Hermeneutics, Jurisprudence and Law, in: Jeff Malpas\/Hans-Helmuth Gander, The Routledge Companion to Hermeneutics, Routledge 2015, S. 451-465.<\/li>\n\n\n\n<li>Surveillance and Data Protection in the Conflict between European and American Legal Cultures, in: American Institute for Contemporary German Studies, 9.12.2013 (with Russel Miller).<\/li>\n\n\n\n<li>Ambiguity and Vagueness in Legal Interpretation, in: Lawrence Solan and Peter Tiersma (eds.), Oxford Handbook of Language and Law, Oxford, Oxford University Press 2012, S. 128-144.<\/li>\n\n\n\n<li>&#8220;The Moral and Legal Risks of Interventions&#8221; Journal of Institutional and Theoretical Economics (JITE), 170 (1), S. 100-104, 2014.<\/li>\n\n\n\n<li>Terrorism and the Constitution. Looking at the German Case, in: Dissent, No. 1\/2009, S. 13-18.<\/li>\n<\/ul>\n\n\t\t\t<\/div>\n\t\t<\/div>\n\t<\/div>\n<\/section>\n\n\n\n<section\n\tid=\"FRIAS-Project-2\"\n\tclass=\"ufr-accordion-item-section\n\tufr-accordion-item-section--vertical\">\n\t<div class=\"bl-group\/accordion-header ufr-accordion-item-header\n\t\t\t\"\n\trole=\"button\"\n\ttabindex=\"0\"\n\taria-label=\"Toggle accordion item: FRIAS Project\"\n\taria-controls=\"Accordion FRIAS-Project-2 content\"\n\t>\n\t\t<div class=\"ufr-accordion-item-header-wrapper\n\t\t\t\t\t\">\n\t\t\t\t\t\t<h3 class=\"ufr-accordion-item-header-heading\n\t\t\t\tufr-accordion-item-header-heading--vertical\t\t\t\">\n\t\t\t\tFRIAS Project\t\t\t<\/h3>\n\t\t<\/div>\n\t\t<span class=\"\n\t\t\tchevron-container\n\t\t\tufr-accordion-item-header-chevron-container\n\t\t\tufr-accordion-item-header-chevron-container--!numbered ufr-accordion-header-chevron-container--light-in-lightmode ufr-accordion-header-chevron-container--dark-in-darkmode \t\t\" aria-hidden=\"true\">\n\t\t\t<svg width=\"100%\" viewBox=\"0 0 35 50\" fill=\"none\" xmlns=\"http:\/\/www.w3.org\/2000\/svg\"\n\taria-label=\"chevron-right\" class=\"bl-h-[40px] md:bl-h-[40px] xl:bl-h-[100px] bl-rotate-90\" role=\"img\">\n\t<title>chevron-right<\/title>\n\t<path d=\"M5.00012 5L25.6062 25.0002L5.00012 45\" stroke=\"currentColor\" stroke-width=\"12\" \/>\n<\/svg>\n\t\t<\/span>\n\t<\/div>\n\t<div\n\t\tid=\"Accordion FRIAS-Project-2 content\"\n\t\tclass=\"ufr-accordion-item-body\n\t\t\tufr-accordion-item-body--vertical\t\t\"\n\t\t\t>\n\t\t\t\t<div\n\t\tclass=\"ufr-accordion-item-body-outer-content-wrapper\n\t\t\t\t\t\"\n\t\taria-hidden=\"true\"\n\t\t>\n\t\t\t<div class=\"is-layout-flow\n\t\t\t\t\t\t\t\">\n\t\t\t\t\n\n<p>There is an ambivalence about the right to personal data protection: On the one hand it is enshrined not only in the German constitutional tradition, but also listed in Art. 8 of the EU-Charter of Fundamental Rights. On the other hand it remains unclear what the right to personal data protection is about and what it protects. A property like right to control the circulation of personal information seems na\u00efve in our interconnected social and technological reality, in which information is disseminated at all levels. The property conception of the right to informational self-determination &#8211; as the right to personal data protection is called in the German constitutional law &#8211; is now also rejected by the German Federal Constitutional Court, who ones coined it in property right like terms. But if it is not a property right, what kind of right is it? The thesis of the projekct wants to explore is whether the right to personal data protection is a specific right at all, but must rather be understood as reinforcing other liberty interests \u2013 such as privacy, free speech or freedom of assembly \u2013 that might be threatened by the collection and storage of personal data. In this perspective personal data protection is not a fundamental right of its own, it is rather a systematic modification of potentially every other fundamental right that could be harmed by the use of personal data.&#8221;<\/p>\n\n\t\t\t<\/div>\n\t\t<\/div>\n\t<\/div>\n<\/section>\n\n\t<\/div>\n<\/article>\n<\/div>\n<\/div>\n\n\n\n<div class=\"wp-block-column is-vertically-aligned-center is-layout-flow wp-block-column-is-layout-flow\" style=\"flex-basis:33.33%\">\n<div class=\"[&amp;amp;&amp;gt;*]:bl-relative last:[&amp;amp;&amp;gt;*.bl-absolute]:bl-absolute\n\t\t\t[&amp;amp;&amp;gt;*]:bl-z-20 last:[&amp;amp;&amp;gt;*]:bl-z-10 bl-relative bl-overflow-x-clip\n\t\t\t[.wp-block-ufr-section_&amp;amp;]:bl-overflow-x-visible\n\t\t\tbl-bg-transparent bl-text-inherit dark:bl-bg-transparent dark:bl-text-inherit  alignfull wp-block-ufr-section has-global-padding is-layout-constrained wp-block-ufr-section-is-layout-constrained\">\n\n\t\t\t\t<div class=\"bl-absolute bl-inset-0 bl-w-full bl-h-full bl-pointer-events-none bl-mt-0\">\n\t\t\t<div\n\t\t\tclass=\"bl-absolute bl-origin-center\n\t\t\t\tbl-w-96\t\t\t\tbl-top-[50%] -bl-translate-y-[50%] bl-left-[50%] -bl-translate-x-[50%]\t\t\t\t\">\n\t\t\t\t<svg\n\twidth=\"100%\"\n\tviewBox=\"0 0 64.5 64.5\"\n\tfill=\"none\"\n\txmlns=\"http:\/\/www.w3.org\/2000\/svg\"\n\taria-label=\"\"\n\tclass=\"bl-relative bl-block dark:bl-hidden bl-w-full\"\n\trole=\"img\">\n\t<title><\/title>\n<linearGradient\n\tid=\"0UqESDzpbg\"\n\tx1=\"50%\" y1=\"100%\"\n\tx2=\"50%\" y2=\"0%\">\n\t<stop\n\t\toffset=\"0%\"\n\t\tstop-color=\"#f5c2ed\"\n\t\tstop-opacity=\"1\" \/>\n\t<stop\n\t\toffset=\"100%\"\n\t\tstop-color=\"#f5c2ed\"\n\t\tstop-opacity=\"0\" \/>\n<\/linearGradient>\n\t<path\n\t\td=\"m32.25,64c17.53,0,31.75-14.21,31.75-31.75S49.78.5,32.25.5.5,14.71.5,32.25s14.21,31.75,31.75,31.75\"\n\t\tstroke-width=\"2px\"\n\t\tvector-effect=\"non-scaling-stroke\"\n\t\tfill=\"url(#0UqESDzpbg)\" \/>\n<\/svg>\n<svg\n\twidth=\"100%\"\n\tviewBox=\"0 0 64.5 64.5\"\n\tfill=\"none\"\n\txmlns=\"http:\/\/www.w3.org\/2000\/svg\"\n\taria-label=\"\"\n\tclass=\"bl-relative bl-hidden dark:bl-block bl-w-full\"\n\trole=\"img\">\n\t<title><\/title>\n<linearGradient\n\tid=\"fBuC8Wv4Ly\"\n\tx1=\"50%\" y1=\"100%\"\n\tx2=\"50%\" y2=\"0%\">\n\t<stop\n\t\toffset=\"0%\"\n\t\tstop-color=\"#000149\"\n\t\tstop-opacity=\"1\" \/>\n\t<stop\n\t\toffset=\"100%\"\n\t\tstop-color=\"#000149\"\n\t\tstop-opacity=\"0\" \/>\n<\/linearGradient>\n\t<path\n\t\td=\"m32.25,64c17.53,0,31.75-14.21,31.75-31.75S49.78.5,32.25.5.5,14.71.5,32.25s14.21,31.75,31.75,31.75\"\n\t\tstroke-width=\"2px\"\n\t\tvector-effect=\"non-scaling-stroke\"\n\t\tfill=\"url(#fBuC8Wv4Ly)\" \/>\n<\/svg>\n\t\t\t<\/div>\n\t\t<\/div>\n\t\t<\/div>\n<\/div>\n<\/div>\n\n\n\n<div style=\"height:128px\" aria-hidden=\"true\" class=\"wp-block-spacer\"><\/div>\n<\/div>\n","protected":false},"excerpt":{"rendered":"<p>University of Freiburg, Institute for Staatswissenschaft &amp; Philosophy of LawPublic Law and Legal Philosophy Rector\u2019s FellowOctober 2015 &#8211; July 2016 E-Mail: ralf.poscher@jura.uni-freiburg.de Curriculum Vitae seit Oktober 2009 Professor an der Juristischen Fakult\u00e4t der Albert-Ludwigs-Universit\u00e4t Freiburg Wintersemester 2013 Fernand Braudel Senior Fellow am European University Institute in Florenz, Department of Law, Legal Theory Fr\u00fchjahr 2012 Gastwissenschaftler<\/p>\n","protected":false},"author":389,"featured_media":0,"comment_status":"closed","ping_status":"closed","sticky":false,"template":"","format":"standard","meta":{"_trash_the_other_posts":false,"editor_notices":[],"_show_in_pageentry_slider":true,"_pageentry_slider_title":"","footnotes":""},"categories":[52,26,31,102,76,47,40],"tags":[],"class_list":["post-6615","post","type-post","status-publish","format-standard","hentry","category-2015-16","category-fellow","category-germany","category-jurisprudence","category-philosophy","category-rectors-fellow","category-university-of-freiburg"],"featured_image_url":null,"featured_image_alt":"","_links":{"self":[{"href":"https:\/\/uni-freiburg.de\/frias\/wp-json\/wp\/v2\/posts\/6615","targetHints":{"allow":["GET"]}}],"collection":[{"href":"https:\/\/uni-freiburg.de\/frias\/wp-json\/wp\/v2\/posts"}],"about":[{"href":"https:\/\/uni-freiburg.de\/frias\/wp-json\/wp\/v2\/types\/post"}],"author":[{"embeddable":true,"href":"https:\/\/uni-freiburg.de\/frias\/wp-json\/wp\/v2\/users\/389"}],"replies":[{"embeddable":true,"href":"https:\/\/uni-freiburg.de\/frias\/wp-json\/wp\/v2\/comments?post=6615"}],"version-history":[{"count":2,"href":"https:\/\/uni-freiburg.de\/frias\/wp-json\/wp\/v2\/posts\/6615\/revisions"}],"predecessor-version":[{"id":8546,"href":"https:\/\/uni-freiburg.de\/frias\/wp-json\/wp\/v2\/posts\/6615\/revisions\/8546"}],"wp:attachment":[{"href":"https:\/\/uni-freiburg.de\/frias\/wp-json\/wp\/v2\/media?parent=6615"}],"wp:term":[{"taxonomy":"category","embeddable":true,"href":"https:\/\/uni-freiburg.de\/frias\/wp-json\/wp\/v2\/categories?post=6615"},{"taxonomy":"post_tag","embeddable":true,"href":"https:\/\/uni-freiburg.de\/frias\/wp-json\/wp\/v2\/tags?post=6615"}],"curies":[{"name":"wp","href":"https:\/\/api.w.org\/{rel}","templated":true}]}}