{"id":1371,"date":"2024-11-08T09:16:14","date_gmt":"2024-11-08T08:16:14","guid":{"rendered":"https:\/\/uni-freiburg.de\/musicallexikon\/?p=1371"},"modified":"2025-06-20T13:17:52","modified_gmt":"2025-06-20T11:17:52","slug":"diana","status":"publish","type":"post","link":"https:\/\/uni-freiburg.de\/musicallexikon\/diana\/","title":{"rendered":"Diana"},"content":{"rendered":"\n<h4 class=\"wp-block-heading\">Songoper<\/h4>\n\n\n\n<p class=\"wp-block-paragraph\">Musik von Enjott Schneider<br>Text von Wolfgang R\u00f6gner<\/p>\n\n\n\n<div style=\"height:25px\" aria-hidden=\"true\" class=\"wp-block-spacer\"><\/div>\n\n\n\n<h4 class=\"wp-block-heading\">Inszenierung<\/h4>\n\n\n\n<p class=\"wp-block-paragraph\">Urauff\u00fchrung: 12. Oktober 2002&nbsp;<br>Theater, G\u00f6rlitz, Bundesrepublik Deutschland<\/p>\n\n\n\n<ul class=\"wp-block-list\">\n<li>Musikalische Leitung: Wolfgang R\u00f6gner<\/li>\n\n\n\n<li>Regie und Choreographie: Valentina Simeonova<\/li>\n\n\n\n<li>B\u00fchne und Kost\u00fcme: Iris Jedamski<\/li>\n\n\n\n<li>Ch\u00f6re: Myron Michailidis<\/li>\n<\/ul>\n\n\n\n<p class=\"wp-block-paragraph\">Besetzung:&nbsp;&nbsp;<\/p>\n\n\n\n<ul class=\"wp-block-list\">\n<li>Diana: Patricia Nessy<\/li>\n\n\n\n<li>Debbie: Kammerm\u00e4dchen: Barbara Siegel<\/li>\n\n\n\n<li>Dodi al Fayed: Frank Ernst<\/li>\n\n\n\n<li>Ren\u00e9, Dodis Butler: Hans-Peter Struppe<\/li>\n\n\n\n<li>Henri, stellv. Sicherheitschef im Hotel Ritz \/ Luigi: Stefan Bley<\/li>\n\n\n\n<li>Repossi, Juwelier: Thomas Pradzynski<\/li>\n\n\n\n<li>Christiano: Alexander Kokoev<\/li>\n\n\n\n<li>Trevor: Torsten Imber<\/li>\n\n\n\n<li>Hotelmanager: Ulrich Kritzler<\/li>\n\n\n\n<li>Page: Steffen K\u00f6llner<\/li>\n\n\n\n<li>Botenjunge: Heiko Vogel<\/li>\n\n\n\n<li>Chor des Theaters G\u00f6rlitz<\/li>\n\n\n\n<li>Micha-Fuchs-Band<\/li>\n<\/ul>\n\n\n\n<div style=\"height:25px\" aria-hidden=\"true\" class=\"wp-block-spacer\"><\/div>\n\n\n\n<h4 class=\"wp-block-heading\">Premierenchronik<\/h4>\n\n\n\n<figure class=\"wp-block-table\"><table class=\"has-fixed-layout\"><tbody><tr><td>D<\/td><td>UA<\/td><td>12. Oktober 2002<\/td><td>Theater, G\u00f6rlitz<\/td><\/tr><\/tbody><\/table><\/figure>\n\n\n\n<p class=\"wp-block-paragraph\">Anmerkung: &#8218;Diana&#8216; war ein Auftragswerk des Theaters G\u00f6rlitz.<\/p>\n\n\n\n<div style=\"height:25px\" aria-hidden=\"true\" class=\"wp-block-spacer\"><\/div>\n\n\n\n<h4 class=\"wp-block-heading\">Inhaltsangabe<\/h4>\n\n\n\n<p class=\"wp-block-paragraph\">Die letzten Tage der &#8218;K\u00f6nigin der Herzen&#8216; spielen zum einen auf der Yacht von Dodi al Fayed, zum anderen im Hotel Ritz in Paris, kurz vor dem Unfalltod. Die britische K\u00f6nigsfamilie kommt als Darsteller in der Handlung nicht vor.<\/p>\n\n\n\n<p class=\"wp-block-paragraph\">(<em>Klaus Baberg<\/em>)<\/p>\n\n\n\n<div style=\"height:25px\" aria-hidden=\"true\" class=\"wp-block-spacer\"><\/div>\n\n\n\n<h4 class=\"wp-block-heading\">Kritiken<\/h4>\n\n\n\n<p class=\"wp-block-paragraph\">&#8222;Das \u00dcberraschende ist, wie gut das Ganze letztendlich erz\u00e4hlt ist und funktioniert. Lieder und Szenen flie\u00dfen gekonnt ineinander und filmmusikalische Untermalungen fesseln unterschwellig nach und nach den Zuschauer. Mit &#8218;Leben ist mein Traum, Lieben mein Ziel&#8216; ist ein gro\u00dfartiges Lied entstanden, das alles hat, um Begeisterungsst\u00fcrme zu entfachen.<\/p>\n\n\n\n<p class=\"wp-block-paragraph\">Mit sicherem Stil hat Valentina Simeonova inszeniert. Selbst T\u00e4nzerin und Choreografin, verwendet sie oft Elemente des Bewegungstheaters und gestaltet mit Breakdance-Ans\u00e4tzen Ren\u00e9s und Dodis geboxten Rap. Dazu kam der bemerkenswerte Einsatz von Videoprojektionen. Ungew\u00f6hnlich war, dass Wolfgang R\u00f6gner Mitglieder der Neuen Lausitzer Philharmonie zusammen mit der Micha-Fuchs-Band dirigierte. Im Zusammenspiel erklangen wundersch\u00f6ne Musicalsongs und melodi\u00f6ses Underscoring. Die Ausstattung lag in den H\u00e4nden von Iris Jedamski, die f\u00fcr beide Spielorte einen halbrunden Grundaufbau ersann, in dem gro\u00dfe und auch intime Szenen gespielt werden konnten.<\/p>\n\n\n\n<p class=\"wp-block-paragraph\">[&#8230;] Fazit: Das Konzept ging auf, die Inszenierung gelang, und leicht kitschige Seifenblasen k\u00f6nnen letztendlich das Erstaunen \u00fcber die Leistungen nicht schm\u00e4lern.&#8220;<\/p>\n\n\n\n<p class=\"wp-block-paragraph\"><em>Frank Wesner: Diana. In: musicals. Das Musicalmagazin, Heft 98, Dezember 2002\/Januar 2003, Seite 30-31.<\/em><\/p>\n\n\n\n<div style=\"height:25px\" aria-hidden=\"true\" class=\"wp-block-spacer\"><\/div>\n\n\n\n<p class=\"wp-block-paragraph\">&#8222;Auch wenn man kein Musicalfan oder Diana-Verehrer ist, kann die G\u00f6rlitzer Inszenierung (Regie: Valentina Simeonova) mit filmischen und elektronischen Effekten als perfekt eingestuft werden. Schneider profitiert hier von seinen Erfahrungen mit Film und Fernsehen. Seine Musik ist sehr eing\u00e4ngig und treffend zugeschnitten auf die jeweilige Situation. Unter Stabsf\u00fchrung von R\u00f6gner spielt die Neue Lausitzer Philharmonie und die Micha-Fuchs-Band.<\/p>\n\n\n\n<p class=\"wp-block-paragraph\">[&#8230;] Furios schon der Musicalauftakt: Das Theaterpublikum sieht sich von einem auf der Leinwand projizierten Kameraauge be\u00e4ugt. Eine sensationsl\u00fcsterne Menge (Choreinstudierungen: Myron Michailidis) hat sich versammelt. Pressefotografen lauern auf den gewinnbringenden Schnappschuss. Dann \u00fcbert\u00f6nt eine Verfolgungsjagd auf der Stra\u00dfe die Musik, Reifen quietschen, es kracht ohrenbet\u00e4ubend, Glas splittert, Sirenen von Rettungswagen und Polizeifahrzeugen schrillen&#8230;<\/p>\n\n\n\n<p class=\"wp-block-paragraph\">[&#8230;] Die Besetzung der Titelrolle mit der Wiener Sopranistin Patricia Nessy (Evita und Elisabeth) ist nicht nur fig\u00fcrlich ein Gl\u00fccksfall. Nessy gibt der Lady Di Tiefe und Vielschichtigkeit [&#8230;] ohne ins Sentimentale abzugleiten. Schwerer hat es dagegen Frank Ernst als Dodi. Verbindende Textpassagen erscheinen manchmal flach und oberfl\u00e4chlich. Gut dagegen Songs, wie &#8218;Ich war 17 und ging noch zur Schule&#8216;.&#8220;<\/p>\n\n\n\n<p class=\"wp-block-paragraph\"><em>Anne Buchheim: Hoffnungen, im Blitzlichtgewitter begraben. Urauff\u00fchrung des Musicals &#8218;Diana&#8216; begeistert in G\u00f6rlitz. In: Lausitzer Rundschau, 15. Oktober 2002.<\/em><\/p>\n\n\n\n<div style=\"height:25px\" aria-hidden=\"true\" class=\"wp-block-spacer\"><\/div>\n\n\n\n<h4 class=\"wp-block-heading\">Empfohlene Zitierweise<\/h4>\n\n\n\n<p class=\"wp-block-paragraph\">&#8222;Diana&#8220;. In: Musicallexikon. Popul\u00e4res Musiktheater im deutschsprachigen Raum 1945 bis heute. Herausgegeben von Wolfgang Jansen und Klaus Baberg in Verbindung mit dem Zentrum f\u00fcr Popul\u00e4re Kultur und Musik der Albert-Ludwigs-Universit\u00e4t Freiburg. https:\/\/uni-freiburg.de\/musicallexikon\/diana\/<\/p>\n\n\n\n<p class=\"wp-block-paragraph\">Letzte inhaltliche \u00c4nderung: 20. Februar 2022.<\/p>\n\n\n\n<div style=\"height:100px\" aria-hidden=\"true\" class=\"wp-block-spacer\"><\/div>\n","protected":false},"excerpt":{"rendered":"<p>Songoper Musik von Enjott SchneiderText von Wolfgang R\u00f6gner Inszenierung Urauff\u00fchrung: 12. Oktober 2002&nbsp;Theater, G\u00f6rlitz, Bundesrepublik Deutschland Besetzung:&nbsp;&nbsp; Premierenchronik D UA 12. Oktober 2002 Theater, G\u00f6rlitz Anmerkung: &#8218;Diana&#8216; war ein Auftragswerk des Theaters G\u00f6rlitz. Inhaltsangabe Die letzten Tage der &#8218;K\u00f6nigin der Herzen&#8216; spielen zum einen auf der Yacht von Dodi al Fayed, zum anderen im Hotel<\/p>\n","protected":false},"author":116,"featured_media":0,"comment_status":"closed","ping_status":"closed","sticky":false,"template":"","format":"standard","meta":{"_trash_the_other_posts":false,"editor_notices":[],"_show_in_pageentry_slider":true,"_pageentry_slider_title":"","footnotes":""},"categories":[90],"tags":[94,14],"class_list":["post-1371","post","type-post","status-publish","format-standard","hentry","category-d","tag-94","tag-brd"],"featured_image_url":null,"featured_image_alt":"","_links":{"self":[{"href":"https:\/\/uni-freiburg.de\/musicallexikon\/wp-json\/wp\/v2\/posts\/1371","targetHints":{"allow":["GET"]}}],"collection":[{"href":"https:\/\/uni-freiburg.de\/musicallexikon\/wp-json\/wp\/v2\/posts"}],"about":[{"href":"https:\/\/uni-freiburg.de\/musicallexikon\/wp-json\/wp\/v2\/types\/post"}],"author":[{"embeddable":true,"href":"https:\/\/uni-freiburg.de\/musicallexikon\/wp-json\/wp\/v2\/users\/116"}],"replies":[{"embeddable":true,"href":"https:\/\/uni-freiburg.de\/musicallexikon\/wp-json\/wp\/v2\/comments?post=1371"}],"version-history":[{"count":3,"href":"https:\/\/uni-freiburg.de\/musicallexikon\/wp-json\/wp\/v2\/posts\/1371\/revisions"}],"predecessor-version":[{"id":6540,"href":"https:\/\/uni-freiburg.de\/musicallexikon\/wp-json\/wp\/v2\/posts\/1371\/revisions\/6540"}],"wp:attachment":[{"href":"https:\/\/uni-freiburg.de\/musicallexikon\/wp-json\/wp\/v2\/media?parent=1371"}],"wp:term":[{"taxonomy":"category","embeddable":true,"href":"https:\/\/uni-freiburg.de\/musicallexikon\/wp-json\/wp\/v2\/categories?post=1371"},{"taxonomy":"post_tag","embeddable":true,"href":"https:\/\/uni-freiburg.de\/musicallexikon\/wp-json\/wp\/v2\/tags?post=1371"}],"curies":[{"name":"wp","href":"https:\/\/api.w.org\/{rel}","templated":true}]}}