{"id":1464,"date":"2024-11-08T11:22:20","date_gmt":"2024-11-08T10:22:20","guid":{"rendered":"https:\/\/uni-freiburg.de\/musicallexikon\/?p=1464"},"modified":"2025-06-20T13:24:51","modified_gmt":"2025-06-20T11:24:51","slug":"die-graefin-vom-naschmarkt-wien","status":"publish","type":"post","link":"https:\/\/uni-freiburg.de\/musicallexikon\/die-graefin-vom-naschmarkt-wien\/","title":{"rendered":"Die Gr\u00e4fin vom Naschmarkt [Wien]"},"content":{"rendered":"\n<h4 class=\"wp-block-heading\">Musikalische Kom\u00f6die nach der Kurzgeschichte &#8222;Madam La Gimp&#8220; von Damon Runyon<\/h4>\n\n\n\n<p class=\"wp-block-paragraph\">Musik und Arrangements von Erwin Halletz<br>Buch und Liedertexte von Kurt Nachmann<\/p>\n\n\n\n<div style=\"height:25px\" aria-hidden=\"true\" class=\"wp-block-spacer\"><\/div>\n\n\n\n<h4 class=\"wp-block-heading\">Inszenierung<\/h4>\n\n\n\n<p class=\"wp-block-paragraph\">Urauff\u00fchrung: 2. Oktober 1978<br>Theater an der Wien, Wien, \u00d6sterreich<\/p>\n\n\n\n<ul class=\"wp-block-list\">\n<li>Musikalische Leitung: Johannes Fehring \/ Karl Kowarik \/ Adrian Manz<\/li>\n\n\n\n<li>Regie: Rolf Kutschera \/ William Mili\u00e8<\/li>\n\n\n\n<li>Musikalische Einstudierung: Johannes Fehring<\/li>\n\n\n\n<li>Ausstattung: Rolf Langenfass<\/li>\n\n\n\n<li>Lichtregie: Joe Davis<\/li>\n\n\n\n<li>Choreographie: Xaver Meyer<\/li>\n<\/ul>\n\n\n\n<p class=\"wp-block-paragraph\">Besetzung:<\/p>\n\n\n\n<ul class=\"wp-block-list\">\n<li>R\u00f3zsi S\u00e1ndor, Horoskopverk\u00e4uferin: Marika R\u00f6kk<\/li>\n\n\n\n<li>Ann, ihre Tochter: Irene Budischowsky<\/li>\n\n\n\n<li>Marion: Gunda K\u00f6nig<\/li>\n\n\n\n<li>Stefan, der &#8222;Doktor&#8220;: Bernd Ander<\/li>\n\n\n\n<li>Benjamin J. Mulligan, \u00d6l-Million\u00e4r: Eric Pohlmann<\/li>\n\n\n\n<li>Ted, sein Sohn: Victor Couzyn<\/li>\n\n\n\n<li>Die W\u00fcrstel-Wally: Tilla Hohenfels<\/li>\n\n\n\n<li>Franz Nikolaus v. Weyden, der &#8222;Baron&#8220;: Bert Fortell<\/li>\n\n\n\n<li>Hopf, Kriminalkommissar: Erich Padalewski<\/li>\n\n\n\n<li>Krakowitzer, Barbesitzer: Edi Linkers<\/li>\n\n\n\n<li>Wondruschka, Theaterportier: Josef Hendrichs<\/li>\n\n\n\n<li>Johnny Joker, Wett-Agent: G\u00fcnther Panak<\/li>\n\n\n\n<li>Tschick, ein Sandler: Franz Mulec<\/li>\n\n\n\n<li>Sch\u00f6berl, Standlerin: Relly Gmeiner<\/li>\n\n\n\n<li>Kiki: Ingeborg Knopf-Bousa<\/li>\n\n\n\n<li>Lilly: Gaby Bischof<\/li>\n\n\n\n<li>Dolly: Marika Lichter<\/li>\n\n\n\n<li>Gucky: Sissy Weiner<\/li>\n\n\n\n<li>Burli, Markthelfer: Stephan Paryla<\/li>\n\n\n\n<li>Ferdinand, Stra\u00dfenh\u00e4ndler: Hubert Tscheppe<\/li>\n\n\n\n<li>Dingerl, Taschendieb: Fritz Giblirsch<\/li>\n\n\n\n<li>Kukuk, Werkelmann: Andreas G\u00f6ncz\u00f6l<\/li>\n\n\n\n<li>Kurz, Stra\u00dfens\u00e4nger: Erich G\u00f6tzinger<\/li>\n\n\n\n<li>B\u00fcndig, Stra\u00dfens\u00e4nger: Mario Bottazzi<\/li>\n\n\n\n<li>Jeremiah, Butler Mulligans: Hans Arthur Blake<\/li>\n\n\n\n<li>Schieber: Hans Brandtner<\/li>\n\n\n\n<li>Wirt: Franz Hillebrand<\/li>\n\n\n\n<li>Theaterdirektor: Peter G\u00f6ller<\/li>\n<\/ul>\n\n\n\n<ul class=\"wp-block-list\">\n<li>Ballett: Helga Blaha \/ Svetlana Bozic \/ Theresa Cameron \/ Eva Dvorska \/ France Fortier \/ Caroline Gradwell \/ Rosy Horton \/ Nanda Hoving \/ Souhair Mansour \/ Brigitte Marik \/ Blanka Modra \/ Lieselotte Raab \/ Regina Rupprecht \/ Stella Segar \/ Sylvia Sehner \/ Rosita Steinhauser \/ Bill Bower \/ Rudolf Brom \/ Samuel Cayne \/ Fernando Espinoza \/ Sebastian Lopez \/ Jerzy Machalowski \/ Charleston Marquis \/ Julio Cesar Salmeron \/ Gaudio Vacacio \/ Dalibor Vesely<\/li>\n\n\n\n<li>Alternativbesetzungen: Stefan, der &#8222;Doktor&#8220;: Peter Lindner \/ Marion: Jacqueline Binder<\/li>\n<\/ul>\n\n\n\n<div style=\"height:25px\" aria-hidden=\"true\" class=\"wp-block-spacer\"><\/div>\n\n\n\n<h4 class=\"wp-block-heading\">Premierenchronik<\/h4>\n\n\n\n<figure class=\"wp-block-table\"><table class=\"has-fixed-layout\"><tbody><tr><td>A<\/td><td>UA<\/td><td>2. Oktober 1978<\/td><td>Theater an der Wien, Wien<\/td><\/tr><tr><td>DDR<\/td><td>EA<\/td><td>31. Oktober 1980<\/td><td>Musikalische Kom\u00f6die, Leipzig<\/td><\/tr><\/tbody><\/table><\/figure>\n\n\n\n<div style=\"height:25px\" aria-hidden=\"true\" class=\"wp-block-spacer\"><\/div>\n\n\n\n<h4 class=\"wp-block-heading\">Medien \/ Publikationen<\/h4>\n\n\n\n<p class=\"wp-block-paragraph\">Audio-Aufnahmen<\/p>\n\n\n\n<ul class=\"wp-block-list\">\n<li>OC LP Columbia Music CM206015<\/li>\n\n\n\n<li>OC CD Hamburger Archiv f\u00fcr Gesangsknst 17953<\/li>\n<\/ul>\n\n\n\n<div style=\"height:25px\" aria-hidden=\"true\" class=\"wp-block-spacer\"><\/div>\n\n\n\n<h4 class=\"wp-block-heading\">Kommentar<\/h4>\n\n\n\n<p class=\"wp-block-paragraph\">&#8222;Die Gr\u00e4fin vom Naschmarkt&#8220; erlebte im Theater an der Wien 170 Vorstellungen mit 145.486 Besuchern. Am 11. M\u00e4rz 1980 strahlte das Zweite Deutsche Fernsehen (ZDF) in Kooperation mit dem \u00f6sterreichischen ORF eine Aufzeichnung aus dem Theater aus.<\/p>\n\n\n\n<div style=\"height:25px\" aria-hidden=\"true\" class=\"wp-block-spacer\"><\/div>\n\n\n\n<h4 class=\"wp-block-heading\">Empfohlene Zitierweise<\/h4>\n\n\n\n<p class=\"wp-block-paragraph\">&#8222;Die Gr\u00e4fin vom Naschmarkt&#8220; [Wien]. In: Musicallexikon. Popul\u00e4res Musiktheater im deutschsprachigen Raum 1945 bis heute. Herausgegeben von Wolfgang Jansen und Klaus Baberg in Verbindung mit dem Zentrum f\u00fcr Popul\u00e4re Kultur und Musik der Albert-Ludwigs-Universit\u00e4t Freiburg. https:\/\/uni-freiburg.de\/musicallexikon\/die-graefin-vom-naschmarkt-wien\/<\/p>\n\n\n\n<p class=\"wp-block-paragraph\">Letzte inhaltliche \u00c4nderung: 5. Juli 2020.<\/p>\n\n\n\n<div style=\"height:100px\" aria-hidden=\"true\" class=\"wp-block-spacer\"><\/div>\n","protected":false},"excerpt":{"rendered":"<p>Musikalische Kom\u00f6die nach der Kurzgeschichte &#8222;Madam La Gimp&#8220; von Damon Runyon Musik und Arrangements von Erwin HalletzBuch und Liedertexte von Kurt Nachmann Inszenierung Urauff\u00fchrung: 2. Oktober 1978Theater an der Wien, Wien, \u00d6sterreich Besetzung: Premierenchronik A UA 2. Oktober 1978 Theater an der Wien, Wien DDR EA 31. Oktober 1980 Musikalische Kom\u00f6die, Leipzig Medien \/ Publikationen<\/p>\n","protected":false},"author":116,"featured_media":0,"comment_status":"closed","ping_status":"closed","sticky":false,"template":"","format":"standard","meta":{"_trash_the_other_posts":false,"editor_notices":[],"_show_in_pageentry_slider":true,"_pageentry_slider_title":"","footnotes":""},"categories":[90],"tags":[84,19],"class_list":["post-1464","post","type-post","status-publish","format-standard","hentry","category-d","tag-84","tag-aut"],"featured_image_url":null,"featured_image_alt":"","_links":{"self":[{"href":"https:\/\/uni-freiburg.de\/musicallexikon\/wp-json\/wp\/v2\/posts\/1464","targetHints":{"allow":["GET"]}}],"collection":[{"href":"https:\/\/uni-freiburg.de\/musicallexikon\/wp-json\/wp\/v2\/posts"}],"about":[{"href":"https:\/\/uni-freiburg.de\/musicallexikon\/wp-json\/wp\/v2\/types\/post"}],"author":[{"embeddable":true,"href":"https:\/\/uni-freiburg.de\/musicallexikon\/wp-json\/wp\/v2\/users\/116"}],"replies":[{"embeddable":true,"href":"https:\/\/uni-freiburg.de\/musicallexikon\/wp-json\/wp\/v2\/comments?post=1464"}],"version-history":[{"count":3,"href":"https:\/\/uni-freiburg.de\/musicallexikon\/wp-json\/wp\/v2\/posts\/1464\/revisions"}],"predecessor-version":[{"id":6558,"href":"https:\/\/uni-freiburg.de\/musicallexikon\/wp-json\/wp\/v2\/posts\/1464\/revisions\/6558"}],"wp:attachment":[{"href":"https:\/\/uni-freiburg.de\/musicallexikon\/wp-json\/wp\/v2\/media?parent=1464"}],"wp:term":[{"taxonomy":"category","embeddable":true,"href":"https:\/\/uni-freiburg.de\/musicallexikon\/wp-json\/wp\/v2\/categories?post=1464"},{"taxonomy":"post_tag","embeddable":true,"href":"https:\/\/uni-freiburg.de\/musicallexikon\/wp-json\/wp\/v2\/tags?post=1464"}],"curies":[{"name":"wp","href":"https:\/\/api.w.org\/{rel}","templated":true}]}}