{"id":2335,"date":"2024-11-15T08:05:05","date_gmt":"2024-11-15T07:05:05","guid":{"rendered":"https:\/\/uni-freiburg.de\/musicallexikon\/?p=2335"},"modified":"2024-11-15T08:05:05","modified_gmt":"2024-11-15T07:05:05","slug":"ein-sonntag-in-rom","status":"publish","type":"post","link":"https:\/\/uni-freiburg.de\/musicallexikon\/ein-sonntag-in-rom\/","title":{"rendered":"Ein Sonntag in Rom (Un paio d&#8217;ali)"},"content":{"rendered":"\n<h4 class=\"wp-block-heading\">Musical<\/h4>\n\n\n\n<p class=\"wp-block-paragraph\">Musik von Gorni Kramer<br>Text von Pietro Garinei und Sandro Giovannini<br>Deutsche \u00dcbersetzung von [?]<\/p>\n\n\n\n<div style=\"height:25px\" aria-hidden=\"true\" class=\"wp-block-spacer\"><\/div>\n\n\n\n<h4 class=\"wp-block-heading\">Inszenierung<\/h4>\n\n\n\n<p class=\"wp-block-paragraph\">Deutschsprachige Erstauff\u00fchrung: 5. September 1965<br>Gerhart-Hauptmann-Theater, G\u00f6rlitz, DDR<\/p>\n\n\n\n<ul class=\"wp-block-list\">\n<li>Musikalische Leitung: Manfred Grafe<\/li>\n\n\n\n<li>Regie: Joachim Zschech<\/li>\n\n\n\n<li>Ausstattung: Boris Kubik<\/li>\n\n\n\n<li>Choreographie: Heinz Kretzschmann<\/li>\n\n\n\n<li>Ch\u00f6re: Roland Menkoff<\/li>\n<\/ul>\n\n\n\n<p class=\"wp-block-paragraph\">Besetzung:&nbsp;&nbsp;<\/p>\n\n\n\n<ul class=\"wp-block-list\">\n<li>Prof. Tuzzi: Werner Mende<\/li>\n\n\n\n<li>Hanibal Ciaretti: Alfrred Hedwig<\/li>\n\n\n\n<li>Giovanna Ciaretti: Monika Winkler<\/li>\n\n\n\n<li>Ranger: Gerd Neumann<\/li>\n\n\n\n<li>Glatze: Klaus Peglau<\/li>\n\n\n\n<li>Oridins: G\u00fcnther Donath<\/li>\n\n\n\n<li>Augustine Panicetti: Renate B\u00f6hm<\/li>\n\n\n\n<li>Sophillina Lolloe: Uta Jentzsch<\/li>\n\n\n\n<li>Partoni-Griffi: Friedrich-Wilhelm Siewert<\/li>\n\n\n\n<li>Filmregisseur: Rudolf Schwarz<\/li>\n\n\n\n<li>Nando: Lothar Hiob<\/li>\n\n\n\n<li>Serennella: Ingeborg D\u00e4hnert<\/li>\n<\/ul>\n\n\n\n<div style=\"height:25px\" aria-hidden=\"true\" class=\"wp-block-spacer\"><\/div>\n\n\n\n<h4 class=\"wp-block-heading\">Premierenchronik<\/h4>\n\n\n\n<figure class=\"wp-block-table\"><table class=\"has-fixed-layout\"><tbody><tr><td>I<\/td><td>UA<\/td><td>18. September 1957<\/td><td>Teatro Lirico, Mailand<\/td><\/tr><tr><td>GB<\/td><td>EA<\/td><td>26. Dezember 1959<\/td><td>Adelphi Theatre, London<\/td><\/tr><tr><td>CZ<\/td><td>EA<\/td><td>31. M\u00e4rz 1963<\/td><td>Neues Theater, Olmouc [Olm\u00fctz]<\/td><\/tr><tr><td>DDR<\/td><td>Dspr. EA<\/td><td>5. September 1965<\/td><td>&nbsp;Gerhard-Hauptmann-Theater, G\u00f6rlitz<\/td><\/tr><\/tbody><\/table><\/figure>\n\n\n\n<p class=\"wp-block-paragraph\">Anmerkung: Die englische Erstauff\u00fchrung lief unter dem Titel &#8222;When in Rome&#8220;.<\/p>\n\n\n\n<div style=\"height:25px\" aria-hidden=\"true\" class=\"wp-block-spacer\"><\/div>\n\n\n\n<h4 class=\"wp-block-heading\">Inhaltsangabe<\/h4>\n\n\n\n<p class=\"wp-block-paragraph\">&#8222;Ein sch\u00fcchterner, \u00fcber allen Ma\u00dfen von Komplexen beladener Professor (Lehrer) in Rom, auf Grund seiner unbedeutenden Stellung und seiner Bescheidenheit ewig vom Leben benachteiligt, geht bei dem Wirt Hanibal und der frischen, selbstbewu\u00dften Giovanna, dessen Tochter, in die &#8218;Lehre&#8216;. Er lernt, da\u00df der, der r\u00fccksichtslos und berechnend mit seinen Mitmenschen umgeht, immer der Sieger bleibt. Er lernt, die verborgenen Schw\u00e4chen der Menschen zu entdecken und ohne Skrupel zu seinen Gunsten zu nutzen. Auf diese Weise erringt er sich &#8218;Autorit\u00e4t&#8216; bei seinen verwilderten, halbstarken Sch\u00fclern, setzt er durch, da\u00df sein Gedichtband von einer Jury zum Druck angenommen wird, wird \u00fcberhaupt ein &#8218;Mensch mit Fl\u00fcgeln&#8216;. Endlich schlie\u00dft ihn auch Giovanna liebend in die Arme.&#8220;<\/p>\n\n\n\n<p class=\"wp-block-paragraph\"><em>Rosemarie Dietrich: Ein Sonntag in Rom. In: Theater der Zeit, Heft 21\/1965, Seite 46-47<\/em><\/p>\n\n\n\n<div style=\"height:25px\" aria-hidden=\"true\" class=\"wp-block-spacer\"><\/div>\n\n\n\n<h4 class=\"wp-block-heading\">Kritiken<\/h4>\n\n\n\n<p class=\"wp-block-paragraph\">&#8222;Doch mit Ausnahme dieser beiden Darsteller bewegten sich alle anderen in Gefilden bekannter Operettenschablone. Erstaunt war ich zu h\u00f6ren, da\u00df Schauspieler mitwirken. Doch wie gesagt: die Praxis mit dem Musical steckt in den Anf\u00e4ngen; auch Regisseur (hier: Joachim Zschech) und Darsteller m\u00fcssen sich darin erst vervollkommnen.<\/p>\n\n\n\n<p class=\"wp-block-paragraph\">Die Musik ist schwungvoll und stark rhythmisch, zeichnet sich aber kaum durch dramaturgischen Einsatz aus. Von der peinlichen Seelenschnulze Tuzzis abgesehen, verbreitet sie Laune und Spa\u00df.<\/p>\n\n\n\n<p class=\"wp-block-paragraph\">[&#8230;] Bei allem ist mir eines unbegreiflich: Warum die Leitung des Gerhart-Hauptmann-Theaters eine so schlechte \u00dcbersetzung angenommen hat! Sie wurde hergestellt von einem Tschechen, der wiederum die tschechische Fassung des italienischen Musicals zur Grundlage nahm!&#8220;<\/p>\n\n\n\n<p class=\"wp-block-paragraph\"><em>Rosemarie Dietrich: Ein Sonntag in Rom. In: Theater der Zeit, Heft 21\/1965, Seite 46-47<\/em><\/p>\n\n\n\n<div style=\"height:25px\" aria-hidden=\"true\" class=\"wp-block-spacer\"><\/div>\n\n\n\n<h4 class=\"wp-block-heading\">Medien \/ Publikationen<\/h4>\n\n\n\n<p class=\"wp-block-paragraph\">Audio-Aufnahmen<\/p>\n\n\n\n<ul class=\"wp-block-list\">\n<li>&#8222;Un paio d&#8217;ali&#8220;. Neuaufnahme aus dem Teatro Sistina, 1997. SAAR Records \u2013 CD 22178. (1xCD).<\/li>\n<\/ul>\n\n\n\n<p class=\"wp-block-paragraph\">DVD \/ Video<\/p>\n\n\n\n<ul class=\"wp-block-list\">\n<li>&#8222;Un paio d&#8217;ali&#8220;. Neuaufnahme aus dem Teatro Sistina, 1997. Rai Trade \/ Fabbri Editori. (1xDVD).<\/li>\n<\/ul>\n\n\n\n<p class=\"wp-block-paragraph\">Literatur<\/p>\n\n\n\n<ul class=\"wp-block-list\">\n<li>Lello Garinei &amp; Marco Giovannini: <em>Quarant&#8217;anni di teatro musicale all&#8217;italiana.<\/em> Verlag Rizzoli, 1985.<\/li>\n<\/ul>\n\n\n\n<div style=\"height:25px\" aria-hidden=\"true\" class=\"wp-block-spacer\"><\/div>\n\n\n\n<h4 class=\"wp-block-heading\">Kommentar<\/h4>\n\n\n\n<p class=\"wp-block-paragraph\">Da das Programmheft zur Urauff\u00fchrung aktuell noch nicht vorliegt, stammen die Angaben aus den seinerzeitigen Pressever\u00f6ffentlichungen. Die Angaben werden ggf. erg\u00e4nzt oder ge\u00e4ndert, wenn das Originalprogrammheft vorliegt.<\/p>\n\n\n\n<div style=\"height:25px\" aria-hidden=\"true\" class=\"wp-block-spacer\"><\/div>\n\n\n\n<h4 class=\"wp-block-heading\">Empfohlene Zitierweise<\/h4>\n\n\n\n<p class=\"wp-block-paragraph\">&#8222;Ein Sonntag in Rom (Un paio d&#8217;ali)&#8220;. In: Musicallexikon. Popul\u00e4res Musiktheater im deutschsprachigen Raum 1945 bis heute. Herausgegeben von Wolfgang Jansen und Klaus Baberg in Verbindung mit dem Zentrum f\u00fcr Popul\u00e4re Kultur und Musik der Albert-Ludwigs-Universit\u00e4t Freiburg. https:\/\/uni-freiburg.de\/musicallexikon\/ein-sonntag-in-rom\/<\/p>\n\n\n\n<p class=\"wp-block-paragraph\">Letzte inhaltliche \u00c4nderung: 12. September 2022.<\/p>\n\n\n\n<div style=\"height:100px\" aria-hidden=\"true\" class=\"wp-block-spacer\"><\/div>\n","protected":false},"excerpt":{"rendered":"<p>Musical Musik von Gorni KramerText von Pietro Garinei und Sandro GiovanniniDeutsche \u00dcbersetzung von [?] Inszenierung Deutschsprachige Erstauff\u00fchrung: 5. September 1965Gerhart-Hauptmann-Theater, G\u00f6rlitz, DDR Besetzung:&nbsp;&nbsp; Premierenchronik I UA 18. September 1957 Teatro Lirico, Mailand GB EA 26. Dezember 1959 Adelphi Theatre, London CZ EA 31. M\u00e4rz 1963 Neues Theater, Olmouc [Olm\u00fctz] DDR Dspr. EA 5. September 1965<\/p>\n","protected":false},"author":116,"featured_media":0,"comment_status":"closed","ping_status":"closed","sticky":false,"template":"","format":"standard","meta":{"_trash_the_other_posts":false,"editor_notices":[],"_show_in_pageentry_slider":true,"_pageentry_slider_title":"","footnotes":""},"categories":[100],"tags":[78,6],"class_list":["post-2335","post","type-post","status-publish","format-standard","hentry","category-e","tag-78","tag-ddr"],"featured_image_url":null,"featured_image_alt":"","_links":{"self":[{"href":"https:\/\/uni-freiburg.de\/musicallexikon\/wp-json\/wp\/v2\/posts\/2335","targetHints":{"allow":["GET"]}}],"collection":[{"href":"https:\/\/uni-freiburg.de\/musicallexikon\/wp-json\/wp\/v2\/posts"}],"about":[{"href":"https:\/\/uni-freiburg.de\/musicallexikon\/wp-json\/wp\/v2\/types\/post"}],"author":[{"embeddable":true,"href":"https:\/\/uni-freiburg.de\/musicallexikon\/wp-json\/wp\/v2\/users\/116"}],"replies":[{"embeddable":true,"href":"https:\/\/uni-freiburg.de\/musicallexikon\/wp-json\/wp\/v2\/comments?post=2335"}],"version-history":[{"count":1,"href":"https:\/\/uni-freiburg.de\/musicallexikon\/wp-json\/wp\/v2\/posts\/2335\/revisions"}],"predecessor-version":[{"id":2337,"href":"https:\/\/uni-freiburg.de\/musicallexikon\/wp-json\/wp\/v2\/posts\/2335\/revisions\/2337"}],"wp:attachment":[{"href":"https:\/\/uni-freiburg.de\/musicallexikon\/wp-json\/wp\/v2\/media?parent=2335"}],"wp:term":[{"taxonomy":"category","embeddable":true,"href":"https:\/\/uni-freiburg.de\/musicallexikon\/wp-json\/wp\/v2\/categories?post=2335"},{"taxonomy":"post_tag","embeddable":true,"href":"https:\/\/uni-freiburg.de\/musicallexikon\/wp-json\/wp\/v2\/tags?post=2335"}],"curies":[{"name":"wp","href":"https:\/\/api.w.org\/{rel}","templated":true}]}}