{"id":2485,"date":"2024-11-15T11:45:12","date_gmt":"2024-11-15T10:45:12","guid":{"rendered":"https:\/\/uni-freiburg.de\/musicallexikon\/?p=2485"},"modified":"2025-06-20T14:09:52","modified_gmt":"2025-06-20T12:09:52","slug":"faust-und-fisto","status":"publish","type":"post","link":"https:\/\/uni-freiburg.de\/musicallexikon\/faust-und-fisto\/","title":{"rendered":"Faust &amp; Fisto"},"content":{"rendered":"\n<h4 class=\"wp-block-heading\">Musical &#8211; sehr frei nach Goethe<\/h4>\n\n\n\n<p class=\"wp-block-paragraph\">Idee und Musik von Michael Postweiler<br>Text von Erik Rastetter<\/p>\n\n\n\n<div style=\"height:25px\" aria-hidden=\"true\" class=\"wp-block-spacer\"><\/div>\n\n\n\n<h4 class=\"wp-block-heading\">Inszenierung<\/h4>\n\n\n\n<p class=\"wp-block-paragraph\">Urauff\u00fchrung: 28. Februar 1997&nbsp;<br>Sandkorn Theater, Karlsruhe, Bundesrepublik Deutschland<\/p>\n\n\n\n<ul class=\"wp-block-list\">\n<li>Musikalische Leitung: Wolfgang Wieland<\/li>\n\n\n\n<li>Regie: Thomas R\u00fcbenacker<\/li>\n\n\n\n<li>Co-Regie: Matias Bleckmann \/ Erik Rastetter<\/li>\n\n\n\n<li>Choreographie: Leo Hess<\/li>\n\n\n\n<li>Produktionsleitung und B\u00fchne: Erik Rastetter<\/li>\n<\/ul>\n\n\n\n<p class=\"wp-block-paragraph\">Besetzung:&nbsp;&nbsp;<\/p>\n\n\n\n<ul class=\"wp-block-list\">\n<li>Faust: Thomas G\u00fcnzler<\/li>\n\n\n\n<li>Fisto: Christian Rothholz<\/li>\n\n\n\n<li>Gretl: Christine Steglich<\/li>\n\n\n\n<li>Theaterdirektor \/ Hexe \/ Marthe: Charlotte Knappstein<\/li>\n\n\n\n<li>Wagner: Matias Bleckmann<\/li>\n\n\n\n<li>Erzengel Michael: Daniel Steiner<\/li>\n\n\n\n<li>Erzengel Gabriel: Michael Hornung<\/li>\n\n\n\n<li>Erzengel Raphael: Boris F. Ott<\/li>\n\n\n\n<li>Dichter \/ Der Herr \/ Wirt: Martin Wacker<\/li>\n<\/ul>\n\n\n\n<div style=\"height:25px\" aria-hidden=\"true\" class=\"wp-block-spacer\"><\/div>\n\n\n\n<h4 class=\"wp-block-heading\">Premierenchronik<\/h4>\n\n\n\n<figure class=\"wp-block-table\"><table class=\"has-fixed-layout\"><tbody><tr><td>D<\/td><td>UA<\/td><td>28. Februar 1997<\/td><td>Sandkorn Theater, Karlsruhe<\/td><\/tr><\/tbody><\/table><\/figure>\n\n\n\n<div style=\"height:25px\" aria-hidden=\"true\" class=\"wp-block-spacer\"><\/div>\n\n\n\n<h4 class=\"wp-block-heading\">Inhaltsangabe<\/h4>\n\n\n\n<p class=\"wp-block-paragraph\">&#8222;Das &#8222;Vorspiel auf dem Theater&#8220; wird nun zum kurzen Gepl\u00e4nkel zwischen dem Theaterdirektor und dem Dichter h\u00f6chstpers\u00f6nlich. Der protestiert &#8211; nicht gegen die Musical-Macher, sondern weil er nicht zur Mitwirkung vorgesehen ist.<\/p>\n\n\n\n<p class=\"wp-block-paragraph\">Im &#8222;Prolog im Himmel&#8220;, wo &#8222;Der Herr&#8220; am Tropf h\u00e4ngt und sich per Gehbock auf Rollen sehr senil fortbewegt, treten nach wie vor die drei Erzengel auf und der zum Namensk\u00fcrzel Fisto reduzierte Mephistopheles. Aus Michael, Gabriel und Raphael, die nun immer wieder in Erscheinung treten, ist ein allzu aufdringliches und angestrengt wirkendes Tunten-Trio geworden.<\/p>\n\n\n\n<p class=\"wp-block-paragraph\">Das St\u00fcck spielt in einer fiktiven Gegenwart und Faust ist ein moderner Manager. Die Gretchen-Trag\u00f6die ist praktisch ausgeklammert.&#8220;<\/p>\n\n\n\n<p class=\"wp-block-paragraph\"><em>Franz Josef Wehinger: Faust ist ein Manager und Gretchen eine Randfigur. Das Karlsruher &#8218;Sandkorn&#8216;-Theater zeigt &#8218;Faust &amp; Fisto&#8216; als Urauff\u00fchrung &#8211; ein Musical nach Goetheschem Stoff. In: Badisches Tagblatt, Baden-Baden, 8. April 1997.<\/em><\/p>\n\n\n\n<div style=\"height:25px\" aria-hidden=\"true\" class=\"wp-block-spacer\"><\/div>\n\n\n\n<h4 class=\"wp-block-heading\">Kritiken<\/h4>\n\n\n\n<p class=\"wp-block-paragraph\">&#8222;Im neuen Opus, geschneidert aus dem vielfach gewendeten alten Stoff, werden ansehnliche Original-Passagen \u00e0 la Goethe bunt gemischt mit Gaudi-Elementen, Jux-Zitaten, Verkleidungs- und Verwechslungs-Frohsinn, Umdeutungen und Neugewichtungen der gel\u00e4ufigen Gestalten-Kombination. &#8211; Unterhaltung wird zum Hauptanliegen des weithin am\u00fcsanten Abends, der mit dreist\u00fcndiger Auff\u00fchrungsdauer zeitlich die Dimensionen einer &#8218;richtigen&#8216; Oper erreicht. Diese musikalische Karlsruher &#8218;Faust&#8216;-Version ist frech, fr\u00f6hlich, vorlaut, aber auch frivol und mitunter flach.<\/p>\n\n\n\n<p class=\"wp-block-paragraph\">Ein ganz gro\u00dfer Teil des Vergn\u00fcgens geht auf das Konto der variablen, immer melodi\u00f6sen Musik, die ganz unterschiedliche Klangerwartungen befriedigt. Sie l\u00e4\u00dft auch mal &#8218;webbern&#8216;, hat Pfiff und integriert Gem\u00fctvolles. In diesem Sinne musiziert das Live-Quintett unter Wolfgang Wieland.&#8220;<\/p>\n\n\n\n<p class=\"wp-block-paragraph\"><em>Franz Josef Wehinger: Faust ist ein Manager und Gretchen eine Randfigur. Das Karlsruher &#8218;Sandkorn&#8216;-Theater zeigt &#8218;Faust &amp; Fisto&#8216; als Urauff\u00fchrung &#8211; ein Musical nach Goetheschem Stoff. In: Badisches Tagblatt, Baden-Baden, 8. April 1997.<\/em><\/p>\n\n\n\n<div style=\"height:25px\" aria-hidden=\"true\" class=\"wp-block-spacer\"><\/div>\n\n\n\n<h4 class=\"wp-block-heading\">Empfohlene Zitierweise<\/h4>\n\n\n\n<p class=\"wp-block-paragraph\">&#8222;Faust &amp; Fisto&#8220;. In: Musicallexikon. Popul\u00e4res Musiktheater im deutschsprachigen Raum 1945 bis heute. Herausgegeben von Wolfgang Jansen und Klaus Baberg in Verbindung mit dem Zentrum f\u00fcr Popul\u00e4re Kultur und Musik der Albert-Ludwigs-Universit\u00e4t Freiburg. https:\/\/uni-freiburg.de\/musicallexikon\/faust-und-fisto\/<\/p>\n\n\n\n<p class=\"wp-block-paragraph\">Letzte inhaltliche \u00c4nderung: 4. Februar 2022.<\/p>\n\n\n\n<div style=\"height:100px\" aria-hidden=\"true\" class=\"wp-block-spacer\"><\/div>\n","protected":false},"excerpt":{"rendered":"<p>Musical &#8211; sehr frei nach Goethe Idee und Musik von Michael PostweilerText von Erik Rastetter Inszenierung Urauff\u00fchrung: 28. Februar 1997&nbsp;Sandkorn Theater, Karlsruhe, Bundesrepublik Deutschland Besetzung:&nbsp;&nbsp; Premierenchronik D UA 28. Februar 1997 Sandkorn Theater, Karlsruhe Inhaltsangabe &#8222;Das &#8222;Vorspiel auf dem Theater&#8220; wird nun zum kurzen Gepl\u00e4nkel zwischen dem Theaterdirektor und dem Dichter h\u00f6chstpers\u00f6nlich. Der protestiert &#8211;<\/p>\n","protected":false},"author":116,"featured_media":0,"comment_status":"closed","ping_status":"closed","sticky":false,"template":"","format":"standard","meta":{"_trash_the_other_posts":false,"editor_notices":[],"_show_in_pageentry_slider":true,"_pageentry_slider_title":"","footnotes":""},"categories":[102],"tags":[54,14],"class_list":["post-2485","post","type-post","status-publish","format-standard","hentry","category-f-musicals-alphabetisch","tag-54","tag-brd"],"featured_image_url":null,"featured_image_alt":"","_links":{"self":[{"href":"https:\/\/uni-freiburg.de\/musicallexikon\/wp-json\/wp\/v2\/posts\/2485","targetHints":{"allow":["GET"]}}],"collection":[{"href":"https:\/\/uni-freiburg.de\/musicallexikon\/wp-json\/wp\/v2\/posts"}],"about":[{"href":"https:\/\/uni-freiburg.de\/musicallexikon\/wp-json\/wp\/v2\/types\/post"}],"author":[{"embeddable":true,"href":"https:\/\/uni-freiburg.de\/musicallexikon\/wp-json\/wp\/v2\/users\/116"}],"replies":[{"embeddable":true,"href":"https:\/\/uni-freiburg.de\/musicallexikon\/wp-json\/wp\/v2\/comments?post=2485"}],"version-history":[{"count":2,"href":"https:\/\/uni-freiburg.de\/musicallexikon\/wp-json\/wp\/v2\/posts\/2485\/revisions"}],"predecessor-version":[{"id":6661,"href":"https:\/\/uni-freiburg.de\/musicallexikon\/wp-json\/wp\/v2\/posts\/2485\/revisions\/6661"}],"wp:attachment":[{"href":"https:\/\/uni-freiburg.de\/musicallexikon\/wp-json\/wp\/v2\/media?parent=2485"}],"wp:term":[{"taxonomy":"category","embeddable":true,"href":"https:\/\/uni-freiburg.de\/musicallexikon\/wp-json\/wp\/v2\/categories?post=2485"},{"taxonomy":"post_tag","embeddable":true,"href":"https:\/\/uni-freiburg.de\/musicallexikon\/wp-json\/wp\/v2\/tags?post=2485"}],"curies":[{"name":"wp","href":"https:\/\/api.w.org\/{rel}","templated":true}]}}