{"id":2852,"date":"2024-11-20T17:45:29","date_gmt":"2024-11-20T16:45:29","guid":{"rendered":"https:\/\/uni-freiburg.de\/musicallexikon\/?p=2852"},"modified":"2025-06-20T14:39:25","modified_gmt":"2025-06-20T12:39:25","slug":"hel-oder-die-rebellen","status":"publish","type":"post","link":"https:\/\/uni-freiburg.de\/musicallexikon\/hel-oder-die-rebellen\/","title":{"rendered":"Hel oder Die Rebellen"},"content":{"rendered":"\n<h4 class=\"wp-block-heading\">Fantasy-Rockoper nach Motiven nordischer G\u00f6ttersagen<\/h4>\n\n\n\n<p class=\"wp-block-paragraph\">Musik und Songtexte von David DeFeis (Songs in Englisch)<br>Dialogtexte von Walter Weyers<\/p>\n\n\n\n<div style=\"height:25px\" aria-hidden=\"true\" class=\"wp-block-spacer\"><\/div>\n\n\n\n<h4 class=\"wp-block-heading\">Inszenierung<\/h4>\n\n\n\n<p class=\"wp-block-paragraph\">Urauff\u00fchrung: 7. Juni 2001<br>Stadttheater, Memmingen, Bundesrepublik Deutschland<\/p>\n\n\n\n<ul class=\"wp-block-list\">\n<li>Musikalische Leitung: Dietrich Stern<\/li>\n\n\n\n<li>Regie: Markus Beck<\/li>\n\n\n\n<li>Choreographie: Regine Blum<\/li>\n\n\n\n<li>B\u00fchne und Kost\u00fcme: Sabine Manteuffel<\/li>\n<\/ul>\n\n\n\n<p class=\"wp-block-paragraph\">Besetzung:&nbsp;&nbsp;<\/p>\n\n\n\n<ul class=\"wp-block-list\">\n<li>Emalaith, sp\u00e4ter Hel, Herrscherin der Unterwelt: Jos\u00e9phine Weyers<\/li>\n\n\n\n<li>Odin, oberster Gott der Asen: Ralf Weikinger<\/li>\n\n\n\n<li>Baldur, sein Sohn: Sven Pr\u00fcwer<\/li>\n\n\n\n<li>Frigg, seine Frau: Juliane Meyerhoff<\/li>\n\n\n\n<li>Loki, zweigeschlechtlicher Gott: Tom Keune<\/li>\n\n\n\n<li>Sultur, Heerf\u00fchrer der D\u00e4monen: Peter H\u00f6schler<\/li>\n\n\n\n<li>Hogin, der Rabe, Ratgeber Odins: Ren\u00e9e Kloniger<\/li>\n\n\n\n<li>Fenrir, der Wolf, W\u00e4chter der Toten und Besch\u00fctzer Hels: Marc Bernhard<\/li>\n\n\n\n<li>Leibw\u00e4chter Sulturs: J\u00f6rg Effern \/ Maik Fischer<\/li>\n<\/ul>\n\n\n\n<div style=\"height:25px\" aria-hidden=\"true\" class=\"wp-block-spacer\"><\/div>\n\n\n\n<h4 class=\"wp-block-heading\">Premierenchronik<\/h4>\n\n\n\n<figure class=\"wp-block-table\"><table class=\"has-fixed-layout\"><tbody><tr><td>D<\/td><td>UA<\/td><td>7. Juni 2001<\/td><td>Stadttheater, Memmingen<\/td><\/tr><\/tbody><\/table><\/figure>\n\n\n\n<p class=\"wp-block-paragraph\">Anmerkung: &#8222;Hel oder Die Rebellen&#8220; war eine Produktion des Landestheaters Schwaben.<\/p>\n\n\n\n<div style=\"height:25px\" aria-hidden=\"true\" class=\"wp-block-spacer\"><\/div>\n\n\n\n<h4 class=\"wp-block-heading\">Inhaltsangabe<\/h4>\n\n\n\n<p class=\"wp-block-paragraph\">&#8222;In drei Stunden erz\u00e4hlen die Akteure die d\u00fcstere Liebesgeschichte zwischen der H\u00f6llenherrscherin Hel und dem Walhall-Erben Baldur, die in einem g\u00f6ttermordenden Gemetzel endet.&#8220;<\/p>\n\n\n\n<p class=\"wp-block-paragraph\"><em>Detlev Baur: Eine Rocky Horror Theater Show. In: Die Welt, 9. Juni 2001.<\/em><\/p>\n\n\n\n<div style=\"height:25px\" aria-hidden=\"true\" class=\"wp-block-spacer\"><\/div>\n\n\n\n<h4 class=\"wp-block-heading\">Kritiken<\/h4>\n\n\n\n<p class=\"wp-block-paragraph\">&#8222;Das deutsche Theater bietet keine \u00dcberraschungen mehr? F\u00fcr Memmingen, am Rande Bayerns, gilt das jedenfalls nicht. Die Premiere der Fantasy-Rockoper &#8222;Hel oder die Rebellen&#8220; nach Motiven nordischer G\u00f6ttersagen sorgte am Donnerstag f\u00fcr Jubelst\u00fcrme im kleinen Landestheater.<\/p>\n\n\n\n<p class=\"wp-block-paragraph\">[&#8230;] Das ist zun\u00e4chst ein Verdienst der Musik. David Defeis&#8216; Heavy-Metal, der auch vor jazzigen Ankl\u00e4ngen nicht zur\u00fcckschreckt, transportiert unentrinnbar gro\u00dfe Gef\u00fchle. Somit verbindet sich die Musik mit Walter Weyers&#8216; deutschen Zwischentexten, in denen nicht nur Liebe und Hass abgehandelt werden, sondern auch ihre Urspr\u00fcnge.<\/p>\n\n\n\n<p class=\"wp-block-paragraph\">[&#8230;] Lebendig werden diese Vorgaben aber durch ein Ensemble, das (gegen Ende einer anstrengenden Spielzeit) erkennbar \u00fcber sich hinausw\u00e4chst. Angefangen bei den \u00fcberzeugend fantastischen Kost\u00fcmen und einer wunderbare Spielm\u00f6glichkeiten bietenden B\u00fchne (Sabine Manteuffel) bis zu den singenden Akteuren entsteht da ein Gesamtkunstwerk.&#8220;<\/p>\n\n\n\n<p class=\"wp-block-paragraph\"><em>Detlev Baur: Eine Rocky Horror Theater Show. In: Die Welt, 9. Juni 2001.<\/em><\/p>\n\n\n\n<div style=\"height:25px\" aria-hidden=\"true\" class=\"wp-block-spacer\"><\/div>\n\n\n\n<h4 class=\"wp-block-heading\">Medien \/ Publikationen<\/h4>\n\n\n\n<p class=\"wp-block-paragraph\">&#8218;Hel oder Die Rebellen&#8216; ist der zweite Teil einer Rockopern-Trilogie, die in der Spielzeit 1998\/1999 in Memmingen mit &#8218;Klytaimnestra oder Der Fluch der Atriden&#8216; begann und in 2003 mit der Rockoper &#8218;Lilith&#8216; endete. Alle Rockopern wurden von Walter Weyers getextet; die Musiken stammen von David DeFeis.<\/p>\n\n\n\n<div style=\"height:25px\" aria-hidden=\"true\" class=\"wp-block-spacer\"><\/div>\n\n\n\n<h4 class=\"wp-block-heading\">Empfohlene Zitierweise<\/h4>\n\n\n\n<p class=\"wp-block-paragraph\">&#8222;Hel oder die Rebellen&#8220;. In: Musicallexikon. Popul\u00e4res Musiktheater im deutschsprachigen Raum 1945 bis heute. Herausgegeben von Wolfgang Jansen und Klaus Baberg in Verbindung mit dem Zentrum f\u00fcr Popul\u00e4re Kultur und Musik der Albert-Ludwigs-Universit\u00e4t Freiburg. https:\/\/uni-freiburg.de\/musicallexikon\/hel-oder-die-rebellen\/<\/p>\n\n\n\n<p class=\"wp-block-paragraph\">Letzte inhaltliche \u00c4nderung: 29. Juli 2022.<\/p>\n\n\n\n<div style=\"height:100px\" aria-hidden=\"true\" class=\"wp-block-spacer\"><\/div>\n","protected":false},"excerpt":{"rendered":"<p>Fantasy-Rockoper nach Motiven nordischer G\u00f6ttersagen Musik und Songtexte von David DeFeis (Songs in Englisch)Dialogtexte von Walter Weyers Inszenierung Urauff\u00fchrung: 7. Juni 2001Stadttheater, Memmingen, Bundesrepublik Deutschland Besetzung:&nbsp;&nbsp; Premierenchronik D UA 7. Juni 2001 Stadttheater, Memmingen Anmerkung: &#8222;Hel oder Die Rebellen&#8220; war eine Produktion des Landestheaters Schwaben. Inhaltsangabe &#8222;In drei Stunden erz\u00e4hlen die Akteure die d\u00fcstere Liebesgeschichte<\/p>\n","protected":false},"author":116,"featured_media":0,"comment_status":"closed","ping_status":"closed","sticky":false,"template":"","format":"standard","meta":{"_trash_the_other_posts":false,"editor_notices":[],"_show_in_pageentry_slider":true,"_pageentry_slider_title":"","footnotes":""},"categories":[105],"tags":[74,14],"class_list":["post-2852","post","type-post","status-publish","format-standard","hentry","category-h","tag-74","tag-brd"],"featured_image_url":null,"featured_image_alt":"","_links":{"self":[{"href":"https:\/\/uni-freiburg.de\/musicallexikon\/wp-json\/wp\/v2\/posts\/2852","targetHints":{"allow":["GET"]}}],"collection":[{"href":"https:\/\/uni-freiburg.de\/musicallexikon\/wp-json\/wp\/v2\/posts"}],"about":[{"href":"https:\/\/uni-freiburg.de\/musicallexikon\/wp-json\/wp\/v2\/types\/post"}],"author":[{"embeddable":true,"href":"https:\/\/uni-freiburg.de\/musicallexikon\/wp-json\/wp\/v2\/users\/116"}],"replies":[{"embeddable":true,"href":"https:\/\/uni-freiburg.de\/musicallexikon\/wp-json\/wp\/v2\/comments?post=2852"}],"version-history":[{"count":2,"href":"https:\/\/uni-freiburg.de\/musicallexikon\/wp-json\/wp\/v2\/posts\/2852\/revisions"}],"predecessor-version":[{"id":6743,"href":"https:\/\/uni-freiburg.de\/musicallexikon\/wp-json\/wp\/v2\/posts\/2852\/revisions\/6743"}],"wp:attachment":[{"href":"https:\/\/uni-freiburg.de\/musicallexikon\/wp-json\/wp\/v2\/media?parent=2852"}],"wp:term":[{"taxonomy":"category","embeddable":true,"href":"https:\/\/uni-freiburg.de\/musicallexikon\/wp-json\/wp\/v2\/categories?post=2852"},{"taxonomy":"post_tag","embeddable":true,"href":"https:\/\/uni-freiburg.de\/musicallexikon\/wp-json\/wp\/v2\/tags?post=2852"}],"curies":[{"name":"wp","href":"https:\/\/api.w.org\/{rel}","templated":true}]}}