{"id":3236,"date":"2025-02-07T14:01:36","date_gmt":"2025-02-07T13:01:36","guid":{"rendered":"https:\/\/uni-freiburg.de\/musicallexikon\/?p=3236"},"modified":"2025-07-11T09:00:09","modified_gmt":"2025-07-11T07:00:09","slug":"kudamm-59","status":"publish","type":"post","link":"https:\/\/uni-freiburg.de\/musicallexikon\/kudamm-59\/","title":{"rendered":"Ku&#8217;damm 59"},"content":{"rendered":"\n<h4 class=\"wp-block-heading\">Musical<\/h4>\n\n\n\n<p class=\"wp-block-paragraph\">Musik und Songtexte von Peter Plate, Ulf Leo Sommer und Joshua Lange<br>Buch von Annette Hess<\/p>\n\n\n\n<div style=\"height:25px\" aria-hidden=\"true\" class=\"wp-block-spacer\"><\/div>\n\n\n\n<h4 class=\"wp-block-heading\">Inszenierung<\/h4>\n\n\n\n<p class=\"wp-block-paragraph\">Urauff\u00fchrung: 5. Mai 2024<br>Theater des Westens, Berlin, Bundesrepublik Deutschland<\/p>\n\n\n\n<ul class=\"wp-block-list\">\n<li>Musikalische Leitung: Shay Cohen<\/li>\n\n\n\n<li>Regie: Christoph Drewitz<\/li>\n\n\n\n<li>Choreografie: Jonathan Huor<\/li>\n\n\n\n<li>Set-Design: Katrin Nottrodt<\/li>\n\n\n\n<li>Kost\u00fcme, Haar und Make-Up-Design: Esther Biealas<\/li>\n\n\n\n<li>Sound Design: Florentin Adolf<\/li>\n\n\n\n<li>Licht-Design: Tim Deiling<\/li>\n<\/ul>\n\n\n\n<p class=\"wp-block-paragraph\">Besetzung:&nbsp;&nbsp;<\/p>\n\n\n\n<ul class=\"wp-block-list\">\n<li>Monika Sch\u00f6llack: Celina dos Santos<\/li>\n\n\n\n<li>Caterina Sch\u00f6llack: Katja Uhlig<\/li>\n\n\n\n<li>Eva Fassbender: Isabel Waltsgott<\/li>\n\n\n\n<li>Helga von Boost: Pamina Lenn<\/li>\n\n\n\n<li>Christa Moser: Steffi Irmen<\/li>\n\n\n\n<li>Freddy Donath: Mathias Reiser<\/li>\n\n\n\n<li>Joachim Franck: David N\u00e1dvornik<\/li>\n\n\n\n<li>Wolfgang von Boost: Philipp Nowicki<\/li>\n\n\n\n<li>Prof. Dr. J\u00fcrgen Fassbender: Cusch Jung<\/li>\n\n\n\n<li>Hans Liebknecht: Alexander Auler<\/li>\n\n\n\n<li>Ninette Franck: Elvin Karakurt<\/li>\n<\/ul>\n\n\n\n<ul class=\"wp-block-list\">\n<li>in weiteren Rollen: Mareike Heyen, Faye Bollheimer, Michaela Giada Ventura, Alexander Hartmann, Silvio R\u00f6mer, Roccardo Pastore<\/li>\n<\/ul>\n\n\n\n<div style=\"height:10px\" aria-hidden=\"true\" class=\"wp-block-spacer\"><\/div>\n\n\n\n<figure class=\"wp-block-image size-large is-resized\"><img loading=\"lazy\" decoding=\"async\" width=\"1024\" height=\"686\" src=\"https:\/\/uni-freiburg.de\/musicallexikon\/wp-content\/uploads\/sites\/44\/KuDamm-591-K1024_4-KD59_26-c-sunstroem-1024x686.jpg\" alt=\"\" class=\"wp-image-4994\" style=\"width:600px\" srcset=\"https:\/\/uni-freiburg.de\/musicallexikon\/wp-content\/uploads\/sites\/44\/KuDamm-591-K1024_4-KD59_26-c-sunstroem-1024x686.jpg 1024w, https:\/\/uni-freiburg.de\/musicallexikon\/wp-content\/uploads\/sites\/44\/KuDamm-591-K1024_4-KD59_26-c-sunstroem-300x201.jpg 300w, https:\/\/uni-freiburg.de\/musicallexikon\/wp-content\/uploads\/sites\/44\/KuDamm-591-K1024_4-KD59_26-c-sunstroem-768x514.jpg 768w, https:\/\/uni-freiburg.de\/musicallexikon\/wp-content\/uploads\/sites\/44\/KuDamm-591-K1024_4-KD59_26-c-sunstroem.jpg 1147w\" sizes=\"auto, (max-width: 1024px) 100vw, 1024px\" \/><figcaption class=\"wp-element-caption\"><sup>In der Mitte v.l. Celina dos Santos (als Monika Sch\u00f6llack), Mathias Reiser (als Freddy Donath), Ensemble&nbsp;<\/sup><\/figcaption><\/figure>\n\n\n\n<div style=\"height:25px\" aria-hidden=\"true\" class=\"wp-block-spacer\"><\/div>\n\n\n\n<h4 class=\"wp-block-heading\">Premierenchronik<\/h4>\n\n\n\n<figure class=\"wp-block-table\"><table class=\"has-fixed-layout\"><tbody><tr><td>D<\/td><td>UA<\/td><td>5. Mai 2024<\/td><td>Theater des Westens, Berlin<\/td><\/tr><\/tbody><\/table><\/figure>\n\n\n\n<div style=\"height:25px\" aria-hidden=\"true\" class=\"wp-block-spacer\"><\/div>\n\n\n\n<h4 class=\"wp-block-heading\">Inhaltsangabe<\/h4>\n\n\n\n<p class=\"wp-block-paragraph\">Das neue Musical &#8222;Ku&#8217;damm 59&#8220; kn\u00fcpft inhaltlich und dramaturgisch an das Musical &#8222;Ku&#8217;damm 56&#8220; an, das Peter Plate, Ulf Leo Sommer und Annette Hess im Theater des Westens 2021 zur Urauff\u00fchrung brachten. Die Handlung spielt im Jahr 1959, also drei Jahre nach den Ereignissen im Erstwerk. Erneut geht es vorwiegend um die T\u00f6chter der Tanzschulbesitzerin Caterina Sch\u00f6llack, die ihre Unterrichtsr\u00e4ume am Berliner Kurf\u00fcrstendamm besitzt. Vehement k\u00e4mpfen die Schwestern Monika, Eva und Helga um Emanzipation und f\u00fcr ihre Selbstfindung. Die M\u00e4nner geben dabei immer wieder Anlass zu heftigen Auseinandersetzung.<\/p>\n\n\n\n<p class=\"wp-block-paragraph\"><em>(Wolfgang Jansen<\/em>)<\/p>\n\n\n\n<div style=\"height:10px\" aria-hidden=\"true\" class=\"wp-block-spacer\"><\/div>\n\n\n\n<figure class=\"wp-block-image size-full is-resized\"><img loading=\"lazy\" decoding=\"async\" width=\"852\" height=\"768\" src=\"https:\/\/uni-freiburg.de\/musicallexikon\/wp-content\/uploads\/sites\/44\/KuDamm-592-K1024_1-KD59_03-c-JoernHartmann.jpg\" alt=\"\" class=\"wp-image-4995\" style=\"width:600px\" srcset=\"https:\/\/uni-freiburg.de\/musicallexikon\/wp-content\/uploads\/sites\/44\/KuDamm-592-K1024_1-KD59_03-c-JoernHartmann.jpg 852w, https:\/\/uni-freiburg.de\/musicallexikon\/wp-content\/uploads\/sites\/44\/KuDamm-592-K1024_1-KD59_03-c-JoernHartmann-300x270.jpg 300w, https:\/\/uni-freiburg.de\/musicallexikon\/wp-content\/uploads\/sites\/44\/KuDamm-592-K1024_1-KD59_03-c-JoernHartmann-768x692.jpg 768w\" sizes=\"auto, (max-width: 852px) 100vw, 852px\" \/><figcaption class=\"wp-element-caption\"><sup>Mathias Reiser (als Freddy Donath), Celina dos Santos (als Monika Sch\u00f6llack)<\/sup><\/figcaption><\/figure>\n\n\n\n<div style=\"height:25px\" aria-hidden=\"true\" class=\"wp-block-spacer\"><\/div>\n\n\n\n<h4 class=\"wp-block-heading\">Kritiken<\/h4>\n\n\n\n<p class=\"wp-block-paragraph\">&#8222;Ku&#8217;damm 59 ist eine gro\u00dfartige TV-Produktion. [&#8230;] Im Theater des Westens dagegen, wo &#8218;Ku&#8217;damm 59&#8216; am Sonnabend bei einer geradezu hysterisch umjubelten Premiere als Musical herauskam, wird die Geschichte um die Tanzschulbesitzerin Caterina Sch\u00f6llack und ihre drei T\u00f6chter ganz konventionell chronologisch nacherz\u00e4hlt. Was wiederum ein anderes Problem aufwirft: Die F\u00fclle der Haupt-, Neben- und Seitenstr\u00e4nge sprengt eindeutig den Rahmen dessen, was sich in einer B\u00fchnenfassung verarbeiten l\u00e4sst.&nbsp;<\/p>\n\n\n\n<p class=\"wp-block-paragraph\">Das Komponistenduo Peter Plate und Ulf Leo Sommer aber wollte nach der sehr erfolgreichen Adaption des ersten Teils der Saga am Theater des Westens, also &#8218;Ku&#8217;damm 56&#8216;, unbedingt weiter mit der Drehbuchautorin Annette Hess zusammenarbeiten. Die allerdings mochte sich von keiner ihrer Ideen trennen, auch wenn dadurch jeder der vielen aufgeworfenen Konflikte hier nur noch&nbsp; angetippt werden kann. Das aber macht die Story f\u00fcr Uneingeweihte kaum noch nachvollziehbar und nimmt den Darstellerinnen und Darstellern die M\u00f6glichkeit, ihren Figuren wirklich Profil zu verleihen. Zielf\u00fchrender w\u00e4re es gewesen, einen externen Librettoschreiber zu beauftragen, der das Personal beherzt zusammengestrichen und ganze Themenkomplexe herausgenommen h\u00e4tte, um dem St\u00fcck eine Form zu verleihen, die sich an den Anforderungen des Genres Musical orientiert. [&#8230;]<\/p>\n\n\n\n<p class=\"wp-block-paragraph\">\u00c4sthetisch eng ist auch der Radius der Musik: Sehr viele, sehr \u00e4hnliche Songs haben Peter Plate und Ulf Leo Sommer geschrieben, in jenem Sound, f\u00fcr den sie ber\u00fchmt sind und den ihre Fans lieben. Neue werden sie damit aber kaum gewinnen.&#8220;<\/p>\n\n\n\n<p class=\"wp-block-paragraph\"><em>Frederik Hanssen: Musical &#8222;Ku&#8217;damm 59&#8220; im Theater des Westens, Tanz oder gar nicht. In: Tagesspiegel, Nr. 25596, 7. Mai 2024.<\/em><\/p>\n\n\n\n<div style=\"height:25px\" aria-hidden=\"true\" class=\"wp-block-spacer\"><\/div>\n\n\n\n<p class=\"wp-block-paragraph\">&#8222;Zur Urauff\u00fchrung des Musicals &#8218;Ku&#8217;damm 59&#8216; am Sonntag gibt es immer wieder johlenden Zwischenapplaus. Entwickelt sich hier Sehnsucht nach den 1950ern? Wir werden sehen. [&#8230;]<\/p>\n\n\n\n<p class=\"wp-block-paragraph\">Es geht um die Wirtschaftswunderjahre der Nachkriegszeit, die Aufbruchstimmung, die Zukunftsversprechen, in der gerade Frauen auch der patriarchalischen Enge und miesen Frollein-Spr\u00fcchen entkommen wollten. Fast vergessen, dass Gattinnen wie Eva damals ohne den Segen des Ehemannes nicht arbeiten, kein Konto er\u00f6ffnen, kein Auto fahren durften. Evas F\u00fchrerschein verbrennt ihr Professor kurzerhand. Darf er. Nur ein Satz zur Einordnung: Das St\u00fcck spielt in West-Berlin. Nebenan in Ost-Berlin sind Frauen weit emanzipierter, selbst\u00e4ndiger, viel \u00f6fter berufst\u00e4tig, m\u00fcssen l\u00e4ngst keinen Ehemann mehr um Erlaubnis fragen. Klar, und trotzdem machen die West-Frauen nicht r\u00fcber, bleiben in ihrem neuen Konsumparadies. [&#8230;]<\/p>\n\n\n\n<p class=\"wp-block-paragraph\">Gro\u00dfe Tanzszenen sind dabei knapp, auch scheint das St\u00fcck gelegentlich \u00fcberfrachtet. Wer die Serie nicht im Kopf hat, versteht manche Szenen kaum. Etwa, dass der Ost-Berliner Geliebte des Staatsanwalts von dessen Ehefrau Helga an die Stasi verraten wird &#8211; mit krassen Folgen, brutal angedeutet. Insgesamt aber steckt in jedem Dialog und jedem Songtext dieser Inszenierung mehr, als sich auf die Schnelle erfassen l\u00e4sst. Allein die Songtexte, die hier f\u00fcr Liebe zu einem Kind, zu einer Gitarre oder zu einem schwulen Mann gefunden werden, gleicherma\u00dfen unverbraucht und treffend, lassen an die Zukunft deutscher Musicals glauben, zu Hause in einer friedlichen &#8218;Liebmichallee&#8216;. Endloser Premierenjubel.&#8220;<\/p>\n\n\n\n<p class=\"wp-block-paragraph\"><em>Birgit Walter: Knallig, neu, aus Berlin. Jubel f\u00fcr die Urauff\u00fchrung des Musicals &#8222;Ku&#8217;damm 59&#8220; im Theater des Westens. In: Berliner Zeitung, Nr. 105, 7. Mai 2024.<\/em><\/p>\n\n\n\n<div style=\"height:25px\" aria-hidden=\"true\" class=\"wp-block-spacer\"><\/div>\n\n\n\n<p class=\"wp-block-paragraph\">&#8222;In &#8218;1! 2! 3!&#8216; wird eine Ehe zu dritt zumindest kurz beschworen. In &#8218;Liebmichallee&#8216; tr\u00e4umt Monika davon, ein Haus zu bauen, in dem sie alle zusammen wohnen: als Patchworkfamilie und bunte WG. Am Ende, wenn sie endlich ihren Joachim (David N\u00e1dvornik) heiratet, klettert nicht nur, wie in der TV-Vorlage, der beschwipste Freddy mit ins Hochzeitsbett, da schl\u00fcpft auch noch Mutter Sch\u00f6llack hinein, dann auch Eva, und Helga mit ihrem Mann und dessen Liebsten.<\/p>\n\n\n\n<p class=\"wp-block-paragraph\">W\u00e4hrend das ZDF bereits an einem vierten Teil arbeitet, wollen Plate und Sommer auf keinen Fall noch ein drittes &#8218;Ku&#8217;damm&#8216;-Musical produzieren. Deshalb bieten sie nun ein utopisch-optimistisches Ende, in dem alle nicht nur im selben Boot sitzen, sondern im selben Bett. Dazu f\u00e4hrt auch noch ein gro\u00dfes Peace-Zeichen von der B\u00fchnendecke herab. Das ist mehr als nur B\u00fchnenzauber. Ein klares politisches Statement f\u00fcr eine friedliche, offene, diverse Gesellschaft.&#8220;<\/p>\n\n\n\n<p class=\"wp-block-paragraph\"><em>Peter Zander: Ein Haus bauen f\u00fcr uns alle, Umjubelte Premiere im Theater des Westens. In: Berliner Morgenpost, Nr. 118, 7. Mai 2024.<\/em><\/p>\n\n\n\n<div style=\"height:10px\" aria-hidden=\"true\" class=\"wp-block-spacer\"><\/div>\n\n\n\n<figure class=\"wp-block-image size-full is-resized\"><img loading=\"lazy\" decoding=\"async\" width=\"861\" height=\"768\" src=\"https:\/\/uni-freiburg.de\/musicallexikon\/wp-content\/uploads\/sites\/44\/KuDamm-593-K1024_KD59_04-c-DominicErnst.jpg\" alt=\"\" class=\"wp-image-4996\" style=\"width:600px\" srcset=\"https:\/\/uni-freiburg.de\/musicallexikon\/wp-content\/uploads\/sites\/44\/KuDamm-593-K1024_KD59_04-c-DominicErnst.jpg 861w, https:\/\/uni-freiburg.de\/musicallexikon\/wp-content\/uploads\/sites\/44\/KuDamm-593-K1024_KD59_04-c-DominicErnst-300x268.jpg 300w, https:\/\/uni-freiburg.de\/musicallexikon\/wp-content\/uploads\/sites\/44\/KuDamm-593-K1024_KD59_04-c-DominicErnst-768x685.jpg 768w\" sizes=\"auto, (max-width: 861px) 100vw, 861px\" \/><figcaption class=\"wp-element-caption\"><sup>Steffi Irmen (als Christa Moser), Katja Uhlig (als Caterina Sch\u00f6llack)<\/sup><\/figcaption><\/figure>\n\n\n\n<div style=\"height:25px\" aria-hidden=\"true\" class=\"wp-block-spacer\"><\/div>\n\n\n\n<h4 class=\"wp-block-heading\">Medien \/ Publikationen<\/h4>\n\n\n\n<p class=\"wp-block-paragraph\">Audio-Aufnahmen<\/p>\n\n\n\n<ul class=\"wp-block-list\">\n<li>&#8222;Ku&#8217;damm 59&#8220;. Das Musical. Studio-Einspielung, Original Berlin Cast, 2024. (1xCD, 3xVinyl)<\/li>\n\n\n\n<li>&#8222;Ku&#8217;damm 59&#8220;. Das Musical. Original Berlin Cast, Live-Mitschnitt 2024. (1xCD)<\/li>\n<\/ul>\n\n\n\n<p class=\"wp-block-paragraph\">DVD \/ Video<\/p>\n\n\n\n<ul class=\"wp-block-list\">\n<li>&#8222;Ku&#8217;damm 59&#8220;. Event-Dreiteiler, ZDF 2018, Leonine. (2xDVD)<\/li>\n<\/ul>\n\n\n\n<p class=\"wp-block-paragraph\">Literatur<\/p>\n\n\n\n<ul class=\"wp-block-list\">\n<li>&#8222;100 Jahre Theater des Westens, 1896-1996&#8220;. Hrsg.: Theater des Westens gGmbH, Berlin: Propyl\u00e4en 1996.<\/li>\n<\/ul>\n\n\n\n<div style=\"height:25px\" aria-hidden=\"true\" class=\"wp-block-spacer\"><\/div>\n\n\n\n<h4 class=\"wp-block-heading\">Kommentar<\/h4>\n\n\n\n<p class=\"wp-block-paragraph\">Das St\u00fcck basiert auf der gleichnamigen TV-Serie, die 2018 im ZDF ausgestrahlt wurde. Drehbuchautorin war Annette Hess.<\/p>\n\n\n\n<p class=\"wp-block-paragraph\">Produziert wurde die Urauff\u00fchrung von Peter Plate, Ulf Leo Sommer und BMG. Stage Entertainment, Mieter des Theater des Westens, stellte die Spielst\u00e4tte zur Verf\u00fcgung.<\/p>\n\n\n\n<p class=\"wp-block-paragraph\">Jonathan Huor wurde von der Deutschen Musical Akademie mit dem Deutschen Musical Theater Preis 2024 in der Kategorie &#8222;Beste Choreografie&#8220; ausgezeichnet.<\/p>\n\n\n\n<p class=\"wp-block-paragraph\">Florentin Adolf wurde von der Deutschen Musical Akademie f\u00fcr den Deutschen Musical Theater Preis 2024 in der Kategorie &#8222;Bestes Sounddesign&#8220; nominiert.<\/p>\n\n\n\n<div style=\"height:25px\" aria-hidden=\"true\" class=\"wp-block-spacer\"><\/div>\n\n\n\n<h4 class=\"wp-block-heading\">Empfohlene Zitierweise<\/h4>\n\n\n\n<p class=\"wp-block-paragraph\">&#8222;Ku&#8217;damm 59&#8220;. In: Musicallexikon. Popul\u00e4res Musiktheater im deutschsprachigen Raum 1945 bis heute. Herausgegeben von Wolfgang Jansen und Klaus Baberg in Verbindung mit dem Zentrum f\u00fcr Popul\u00e4re Kultur und Musik der Albert-Ludwigs-Universit\u00e4t Freiburg. https:\/\/uni-freiburg.de\/musicallexikon\/kudamm-59\/<\/p>\n\n\n\n<p class=\"wp-block-paragraph\">Letzte inhaltliche \u00c4nderung: 28. Oktober 2024.<\/p>\n\n\n\n<div style=\"height:100px\" aria-hidden=\"true\" class=\"wp-block-spacer\"><\/div>\n","protected":false},"excerpt":{"rendered":"<p>Musical Musik und Songtexte von Peter Plate, Ulf Leo Sommer und Joshua LangeBuch von Annette Hess Inszenierung Urauff\u00fchrung: 5. Mai 2024Theater des Westens, Berlin, Bundesrepublik Deutschland Besetzung:&nbsp;&nbsp; Premierenchronik D UA 5. Mai 2024 Theater des Westens, Berlin Inhaltsangabe Das neue Musical &#8222;Ku&#8217;damm 59&#8220; kn\u00fcpft inhaltlich und dramaturgisch an das Musical &#8222;Ku&#8217;damm 56&#8220; an, das Peter<\/p>\n","protected":false},"author":116,"featured_media":0,"comment_status":"closed","ping_status":"closed","sticky":false,"template":"","format":"standard","meta":{"_trash_the_other_posts":false,"editor_notices":[],"_show_in_pageentry_slider":true,"_pageentry_slider_title":"","footnotes":""},"categories":[108],"tags":[66,14],"class_list":["post-3236","post","type-post","status-publish","format-standard","hentry","category-k","tag-66","tag-brd"],"featured_image_url":null,"featured_image_alt":"","_links":{"self":[{"href":"https:\/\/uni-freiburg.de\/musicallexikon\/wp-json\/wp\/v2\/posts\/3236","targetHints":{"allow":["GET"]}}],"collection":[{"href":"https:\/\/uni-freiburg.de\/musicallexikon\/wp-json\/wp\/v2\/posts"}],"about":[{"href":"https:\/\/uni-freiburg.de\/musicallexikon\/wp-json\/wp\/v2\/types\/post"}],"author":[{"embeddable":true,"href":"https:\/\/uni-freiburg.de\/musicallexikon\/wp-json\/wp\/v2\/users\/116"}],"replies":[{"embeddable":true,"href":"https:\/\/uni-freiburg.de\/musicallexikon\/wp-json\/wp\/v2\/comments?post=3236"}],"version-history":[{"count":3,"href":"https:\/\/uni-freiburg.de\/musicallexikon\/wp-json\/wp\/v2\/posts\/3236\/revisions"}],"predecessor-version":[{"id":7077,"href":"https:\/\/uni-freiburg.de\/musicallexikon\/wp-json\/wp\/v2\/posts\/3236\/revisions\/7077"}],"wp:attachment":[{"href":"https:\/\/uni-freiburg.de\/musicallexikon\/wp-json\/wp\/v2\/media?parent=3236"}],"wp:term":[{"taxonomy":"category","embeddable":true,"href":"https:\/\/uni-freiburg.de\/musicallexikon\/wp-json\/wp\/v2\/categories?post=3236"},{"taxonomy":"post_tag","embeddable":true,"href":"https:\/\/uni-freiburg.de\/musicallexikon\/wp-json\/wp\/v2\/tags?post=3236"}],"curies":[{"name":"wp","href":"https:\/\/api.w.org\/{rel}","templated":true}]}}