{"id":3768,"date":"2025-02-14T12:35:07","date_gmt":"2025-02-14T11:35:07","guid":{"rendered":"https:\/\/uni-freiburg.de\/musicallexikon\/?p=3768"},"modified":"2025-07-11T12:41:33","modified_gmt":"2025-07-11T10:41:33","slug":"rabenland","status":"publish","type":"post","link":"https:\/\/uni-freiburg.de\/musicallexikon\/rabenland\/","title":{"rendered":"Rabenland"},"content":{"rendered":"\n<h4 class=\"wp-block-heading\">Musical<\/h4>\n\n\n\n<p class=\"wp-block-paragraph\">Musik von Ernst-Ulrich Kreschel<br>Text von Hansj\u00f6rg Schertenleib<\/p>\n\n\n\n<div style=\"height:25px\" aria-hidden=\"true\" class=\"wp-block-spacer\"><\/div>\n\n\n\n<h4 class=\"wp-block-heading\">Inszenierung<\/h4>\n\n\n\n<p class=\"wp-block-paragraph\">Urauff\u00fchrung: 21. Januar 1995<br>Theater am Jerichower Platz, Magdeburg, Bundesrepublik Deutschland<\/p>\n\n\n\n<ul class=\"wp-block-list\">\n<li>Musikalische Leitung: Urs-Michael Theus<\/li>\n\n\n\n<li>Regie: R\u00fcdiger List<\/li>\n\n\n\n<li>B\u00fchne: Tom Presting<\/li>\n\n\n\n<li>Kost\u00fcme: Polly Matthies<\/li>\n<\/ul>\n\n\n\n<p class=\"wp-block-paragraph\">Besetzung:&nbsp;&nbsp;<\/p>\n\n\n\n<ul class=\"wp-block-list\">\n<li>Block: Johannes-Paul Kindler<\/li>\n\n\n\n<li>Ferse: Knut M\u00fcller<\/li>\n\n\n\n<li>Watte: Lutz H\u00fcbner<\/li>\n\n\n\n<li>Palme: Vera Feldmann<\/li>\n\n\n\n<li>Der Vater: Wolfgang Heiderich<\/li>\n\n\n\n<li>Der Sohn: Michael Vandrey<\/li>\n\n\n\n<li>Die Tochter: Sarah Nemitz<\/li>\n\n\n\n<li>Der Freund: Konrad Domann<\/li>\n\n\n\n<li>Der Fremde mit dem Akkordeon: Stefan T\u00f6pelmann<\/li>\n<\/ul>\n\n\n\n<p class=\"wp-block-paragraph\">B\u00fcrgerchor:<\/p>\n\n\n\n<ul class=\"wp-block-list\">\n<li>Die junge Dame in Blau: Gesine Berkholz<\/li>\n\n\n\n<li>Die Chefsekret\u00e4rin: Annette Gunkel<\/li>\n\n\n\n<li>Die Dame in Schwarz: Gisela Hess<\/li>\n\n\n\n<li>Die Oberlehrerin: Ursula Hoffmann<\/li>\n\n\n\n<li>Die Politesse: Isolde K\u00fchn<\/li>\n\n\n\n<li>Die Esoterikerin: Anke Salzmann<\/li>\n\n\n\n<li>Grauer Panther: Ingeborg Schmitz<\/li>\n\n\n\n<li>Die Schauspielerin: Regine Schroeder<\/li>\n\n\n\n<li>Die Dramaturgin: Gisela Wahlberg<\/li>\n\n\n\n<li>Der Biker: Hartmut Lange<\/li>\n\n\n\n<li>Der J\u00e4ger: Jochen Nitzel<\/li>\n\n\n\n<li>Der Unternehmer aus der Provinz: Willi Nocke<\/li>\n\n\n\n<li>Der Geistliche: Matthias Oberst<\/li>\n\n\n\n<li>Der Stadtrat: Gottfried Riemer<\/li>\n\n\n\n<li>Der Motorradfahrer: Dietmar Schmidt<\/li>\n\n\n\n<li>Der Professor f\u00fcr Agrarwissenschaft: Bernd Vorpahl<\/li>\n\n\n\n<li>Der traurige Zugbegleiter: Arnim Winkler<\/li>\n<\/ul>\n\n\n\n<div style=\"height:25px\" aria-hidden=\"true\" class=\"wp-block-spacer\"><\/div>\n\n\n\n<h4 class=\"wp-block-heading\">Premierenchronik<\/h4>\n\n\n\n<figure class=\"wp-block-table\"><table class=\"has-fixed-layout\"><tbody><tr><td>D<\/td><td>UA<\/td><td>21. Januar 1995<\/td><td>Theater am Jerichower Platz, Magdeburg<\/td><\/tr><\/tbody><\/table><\/figure>\n\n\n\n<div style=\"height:25px\" aria-hidden=\"true\" class=\"wp-block-spacer\"><\/div>\n\n\n\n<h4 class=\"wp-block-heading\">Inhaltsangabe<\/h4>\n\n\n\n<p class=\"wp-block-paragraph\">&#8222;Zwei Welten, ein Bahndamm, Treffpunkt der einsamen Jugendlichen Block, Ferse, Watte und dem M\u00e4dchen Palme. Dagegen die Familie: Vater, Sohn, Tochter, der Freund. Im Hintergrund kaum zu sehen, das Heim f\u00fcr Asylsuchende. Block, Ferse, Watte und Palme stehen den Neonazis nah. Fremdenfeinde. Aggressiv gegen jeden, der ihnen vermeintlich zu nahe tritt. Sie schlie\u00dfen sich zu einer Gruppe zusammen, mit Block als F\u00fchrer. Ihre anfangs nur verbalen Attacken gegen die Ausl\u00e4nder gipfeln schlie\u00dflich in einem brutalen Anschlag auf das Heim der Asylsuchenden, wo die Tochter arbeitet. Es gibt Tote, und die Tochter muss als Kr\u00fcppel im Rollstuhl ihr Leben verbringen. Die T\u00e4ter aber werden freigesprochen. Die Familie schw\u00f6rt Rache, und es gelingt den drei M\u00e4nnern, Palme in ihre Gewalt zu bringen, die sie zu einem Gest\u00e4ndnis zwingen wollen &#8211; ebenfalls mit brutalsten Mitteln. Von den Kumpels im Stich gelassen, unternimmt Watte, der Au\u00dfenseiter der Gruppe und in Palme verliebt, den Versuch, das M\u00e4dchen zu befreien. Er dringt in das Haus der Familie ein. Als Vater, Bruder und Freund hinzukommen, kommt es zu einem Handgemenge um Wattes Handgranate. Das Bild friert ein, Watte zieht die Handgranate ab und h\u00e4lt sie starr in die H\u00f6he.&#8220;<\/p>\n\n\n\n<p class=\"wp-block-paragraph\"><em>(Inhaltsangabe zur UA des Schauspiels &#8222;Rabenland&#8220; von Hansj\u00f6rg Schertenleib (26.03.1993; Bayerisches Staatsschauspiel, M\u00fcnchen), S. Fischer Theaterverlag, Frankfurt)<\/em><\/p>\n\n\n\n<div style=\"height:25px\" aria-hidden=\"true\" class=\"wp-block-spacer\"><\/div>\n\n\n\n<h4 class=\"wp-block-heading\">Empfohlene Zitierweise<\/h4>\n\n\n\n<p class=\"wp-block-paragraph\">&#8222;Rabenland&#8220;. In: Musicallexikon. Popul\u00e4res Musiktheater im deutschsprachigen Raum 1945 bis heute. Herausgegeben von Wolfgang Jansen und Klaus Baberg in Verbindung mit dem Zentrum f\u00fcr Popul\u00e4re Kultur und Musik der Albert-Ludwigs-Universit\u00e4t Freiburg. https:\/\/uni-freiburg.de\/musicallexikon\/rabenland\/<\/p>\n\n\n\n<p class=\"wp-block-paragraph\">Letzte inhaltliche \u00c4nderung: 21. September 2023.<\/p>\n\n\n\n<div style=\"height:100px\" aria-hidden=\"true\" class=\"wp-block-spacer\"><\/div>\n","protected":false},"excerpt":{"rendered":"<p>Musical Musik von Ernst-Ulrich KreschelText von Hansj\u00f6rg Schertenleib Inszenierung Urauff\u00fchrung: 21. Januar 1995Theater am Jerichower Platz, Magdeburg, Bundesrepublik Deutschland Besetzung:&nbsp;&nbsp; B\u00fcrgerchor: Premierenchronik D UA 21. Januar 1995 Theater am Jerichower Platz, Magdeburg Inhaltsangabe &#8222;Zwei Welten, ein Bahndamm, Treffpunkt der einsamen Jugendlichen Block, Ferse, Watte und dem M\u00e4dchen Palme. Dagegen die Familie: Vater, Sohn, Tochter, der<\/p>\n","protected":false},"author":116,"featured_media":0,"comment_status":"closed","ping_status":"closed","sticky":false,"template":"","format":"standard","meta":{"_trash_the_other_posts":false,"editor_notices":[],"_show_in_pageentry_slider":true,"_pageentry_slider_title":"","footnotes":""},"categories":[116],"tags":[85,14],"class_list":["post-3768","post","type-post","status-publish","format-standard","hentry","category-r","tag-85","tag-brd"],"featured_image_url":null,"featured_image_alt":"","_links":{"self":[{"href":"https:\/\/uni-freiburg.de\/musicallexikon\/wp-json\/wp\/v2\/posts\/3768","targetHints":{"allow":["GET"]}}],"collection":[{"href":"https:\/\/uni-freiburg.de\/musicallexikon\/wp-json\/wp\/v2\/posts"}],"about":[{"href":"https:\/\/uni-freiburg.de\/musicallexikon\/wp-json\/wp\/v2\/types\/post"}],"author":[{"embeddable":true,"href":"https:\/\/uni-freiburg.de\/musicallexikon\/wp-json\/wp\/v2\/users\/116"}],"replies":[{"embeddable":true,"href":"https:\/\/uni-freiburg.de\/musicallexikon\/wp-json\/wp\/v2\/comments?post=3768"}],"version-history":[{"count":2,"href":"https:\/\/uni-freiburg.de\/musicallexikon\/wp-json\/wp\/v2\/posts\/3768\/revisions"}],"predecessor-version":[{"id":7277,"href":"https:\/\/uni-freiburg.de\/musicallexikon\/wp-json\/wp\/v2\/posts\/3768\/revisions\/7277"}],"wp:attachment":[{"href":"https:\/\/uni-freiburg.de\/musicallexikon\/wp-json\/wp\/v2\/media?parent=3768"}],"wp:term":[{"taxonomy":"category","embeddable":true,"href":"https:\/\/uni-freiburg.de\/musicallexikon\/wp-json\/wp\/v2\/categories?post=3768"},{"taxonomy":"post_tag","embeddable":true,"href":"https:\/\/uni-freiburg.de\/musicallexikon\/wp-json\/wp\/v2\/tags?post=3768"}],"curies":[{"name":"wp","href":"https:\/\/api.w.org\/{rel}","templated":true}]}}