{"id":2442,"date":"2025-06-24T10:31:57","date_gmt":"2025-06-24T08:31:57","guid":{"rendered":"https:\/\/uni-freiburg.de\/unr\/?p=2442"},"modified":"2025-06-24T10:33:24","modified_gmt":"2025-06-24T08:33:24","slug":"dfg-foerdert-das-graduiertenkolleg-forscale","status":"publish","type":"post","link":"https:\/\/uni-freiburg.de\/unr\/dfg-foerdert-das-graduiertenkolleg-forscale\/","title":{"rendered":"DFG f\u00f6rdert das Graduiertenkolleg \u201eFORSCALE\u201c"},"content":{"rendered":"\n<p><strong>Transatlantische Forschung zur Waldanpassung an den Klimawandel \u2013 FORSCALE<\/strong><\/p>\n\n\n\n<p>Das internationale Graduiertenkolleg IGK 3050 \u201eFORSCALE: Scale effects in the forest adaptation to climate change\u201c widmet sich den Skalenwirkungen bei der Anpassung von W\u00e4ldern an den Klimawandel. Im Zentrum steht die Erforschung komplexer, adaptiver Systeme (Complex Adaptive Systems), die Wechselwirkungen zwischen biologischen, \u00f6kologischen und gesellschaftlichen Prozessen \u00fcber r\u00e4umliche und institutionelle Ebenen hinweg ber\u00fccksichtigen. Das Projekt ist eine Kooperation zwischen der Universit\u00e4t Freiburg und mehreren kanadischen Universit\u00e4ten (Lakehead University, University of British Columbia, University of New Brunswick und Universit\u00e9 du Qu\u00e9bec). Ziel von FORSCALE ist es, Cross-Scale-Interaktionen in der biologischen Anpassung von B\u00e4umen, der Bereitstellung von \u00d6kosystemleistungen, forstwirtschaftlichen Ma\u00dfnahmen, Governance-Strukturen und deren Integration zu untersuchen.<\/p>\n\n\n\n<div style=\"height:10px\" aria-hidden=\"true\" class=\"wp-block-spacer\"><\/div>\n\n\n<div class=\"bl-@container\/quote\">\n\t<div class=\"bl-flex bl-flex-col @[542px]\/quote:bl-flex-row xl:@[542px]\/quote:bl-flex-col xl:@[810px]\/quote:bl-flex-row bl-mb-[56px] md:bl-mb-[70px] bl-gap-[15px] md:bl-gap-[20px] @[542px]:bl-gap-4 md:@[542px]:bl-gap-4\">\n\t\t\t\t<div class=\"\n\t\t\tbl-flex bl-flex-col bl-items-center\n\t\t\tmd:@[542px]\/quote:bl-min-w-[220px] xl:@[542px]\/quote:bl-min-w-[295px] 2xl:@[542px]\/quote:bl-min-w-[460px]\n\t\t\">\n\t\t\t\t\t\t<img decoding=\"async\" src=\"https:\/\/uni-freiburg.de\/unr\/wp-content\/uploads\/sites\/15\/MAFoto_TSeifert_qu-1.jpg\" alt=\"Portraitfoto Thomas Seifert\"\n\t\t\tclass=\"bl-rounded-full bl-w-[170px] !bl-h-[170px] md:bl-w-[119px] md:!bl-h-[119px] xl:bl-w-[159px] xl:!bl-h-[159px] 2xl:bl-w-[250px] 2xl:!bl-h-[250px] bl-object-cover\">\n\t\t\t\t\t<\/div>\n\t\t<div class=\"bl-flex-col bl-flex-1\">\n\t\t\t\t\t\t<p class=\"bl-text-[1.125rem] bl-leading-[1.5625rem] md:bl-text-[1.25rem] xl:bl-text-[1.5625rem] xl:bl-leading-[2.1875rem] bl-font-medium bl-mt-0 !bl-text-identity-black [&amp;_a]:!bl-text-identity-black hover:[&amp;_a]:!bl-text-identity-blue-60 active:[&amp;_a]:!bl-text-identity-blue dark:!bl-text-pure-white dark:[&amp;_a]:!bl-text-pure-white dark:hover:[&amp;_a]:!bl-text-identity-yellow-60 dark:active:[&amp;_a]:!bl-text-identity-yellow\">\n\t\t\t\t\u201eFORSCALE erm\u00f6glicht uns erstmals ein umfassendes Verst\u00e4ndnis von Skalenwirkungen in der Waldanpassung im internationalen Kontext zu entwickeln, wodurch gezielte, standort- und governance-spezifische Strategien gemeinsam von deutschen und kanadischen Nachwuchswissenschaftler*innen entwickelt werden k\u00f6nnen, die beide ihre einzigartigen Perspektiven einbringen. FORSCALE schl\u00e4gt damit erstmals eine starke transatlantische Br\u00fccke bei der Waldanpassung\u201c\t\t\t<\/p>\n\t\t\t\t\t\t\t\t\t<div class=\"bl-w-[59px] bl-h-[1px] bl-my-[20px] md:bl-my-[25px] xl:bl-my-[30px] bl-bg-identity-black dark:bl-bg-pure-white\"><\/div>\n\t\t\t\t\t\t\t\t\t<h3 class=\"bl-text-[1rem] bl-leading-[1.375rem] md:bl-text-[1.125rem] xl:bl-text-[1.375rem] xl:bl-leading-[2.0625rem] bl-font-medium bl-mb-0 !bl-text-identity-black [&amp;_a]:!bl-text-identity-black hover:[&amp;_a]:!bl-text-identity-blue-60 active:[&amp;_a]:!bl-text-identity-blue dark:!bl-text-pure-white dark:[&amp;_a]:!bl-text-pure-white dark:hover:[&amp;_a]:!bl-text-identity-yellow-60 dark:active:[&amp;_a]:!bl-text-identity-yellow\">\n\t\t\t\tProf. Dr. Thomas Seifert\t\t\t<\/h3>\n\t\t\t\t\t\t<h4 class=\"bl-text-[1rem] bl-leading-[1.375rem] md:bl-text-[1.125rem] md:bl-leading-[1.5625rem] xl:bl-text-[1.375rem] xl:bl-leading-[2.0625rem] bl-font-book bl-my-0 bl-mb-[5px] xl:bl-mb-[10px] !bl-text-identity-black [&amp;_a]:!bl-text-identity-black hover:[&amp;_a]:!bl-text-identity-blue-60 active:[&amp;_a]:!bl-text-identity-blue dark:!bl-text-pure-white dark:[&amp;_a]:!bl-text-pure-white dark:hover:[&amp;_a]:!bl-text-identity-yellow-60 dark:active:[&amp;_a]:!bl-text-identity-yellow\">\n\t\t\t\tProfessor f\u00fcr Waldwachstum und Dendro\u00f6kologie an der Universit\u00e4t Freiburg und Sprecher von FORSCALE\t\t\t<\/h4>\n\t\t\t\t\t\t\t\t<\/div>\n\t<\/div>\n<\/div>\n\n\n\n<p>Das Qualifizierungskonzept des GRKs bietet insgesamt 40 Promovierenden und vier Postdocs eine internationale, interdisziplin\u00e4re Entwicklungsm\u00f6glichkeit mit Praxisn\u00e4he, Stakeholder-Einbindung, interkulturellem Austausch und methodischer Breite.<\/p>\n","protected":false},"excerpt":{"rendered":"<p>Transatlantische Forschung zur Waldanpassung an den Klimawandel \u2013 FORSCALE Das internationale Graduiertenkolleg IGK 3050 \u201eFORSCALE: Scale effects in the forest adaptation to climate change\u201c widmet sich den Skalenwirkungen bei der Anpassung von W\u00e4ldern an den Klimawandel. Im Zentrum steht die Erforschung komplexer, adaptiver Systeme (Complex Adaptive Systems), die Wechselwirkungen zwischen biologischen, \u00f6kologischen und gesellschaftlichen Prozessen<\/p>\n","protected":false},"author":29,"featured_media":0,"comment_status":"closed","ping_status":"closed","sticky":false,"template":"","format":"standard","meta":{"_trash_the_other_posts":false,"editor_notices":[],"_show_in_pageentry_slider":false,"_pageentry_slider_title":"","footnotes":""},"categories":[1],"tags":[],"class_list":["post-2442","post","type-post","status-publish","format-standard","hentry","category-allgemein"],"featured_image_url":null,"featured_image_alt":"","_links":{"self":[{"href":"https:\/\/uni-freiburg.de\/unr\/wp-json\/wp\/v2\/posts\/2442","targetHints":{"allow":["GET"]}}],"collection":[{"href":"https:\/\/uni-freiburg.de\/unr\/wp-json\/wp\/v2\/posts"}],"about":[{"href":"https:\/\/uni-freiburg.de\/unr\/wp-json\/wp\/v2\/types\/post"}],"author":[{"embeddable":true,"href":"https:\/\/uni-freiburg.de\/unr\/wp-json\/wp\/v2\/users\/29"}],"replies":[{"embeddable":true,"href":"https:\/\/uni-freiburg.de\/unr\/wp-json\/wp\/v2\/comments?post=2442"}],"version-history":[{"count":3,"href":"https:\/\/uni-freiburg.de\/unr\/wp-json\/wp\/v2\/posts\/2442\/revisions"}],"predecessor-version":[{"id":2445,"href":"https:\/\/uni-freiburg.de\/unr\/wp-json\/wp\/v2\/posts\/2442\/revisions\/2445"}],"wp:attachment":[{"href":"https:\/\/uni-freiburg.de\/unr\/wp-json\/wp\/v2\/media?parent=2442"}],"wp:term":[{"taxonomy":"category","embeddable":true,"href":"https:\/\/uni-freiburg.de\/unr\/wp-json\/wp\/v2\/categories?post=2442"},{"taxonomy":"post_tag","embeddable":true,"href":"https:\/\/uni-freiburg.de\/unr\/wp-json\/wp\/v2\/tags?post=2442"}],"curies":[{"name":"wp","href":"https:\/\/api.w.org\/{rel}","templated":true}]}}